{"id":4174,"date":"2019-05-02T07:09:09","date_gmt":"2019-05-02T05:09:09","guid":{"rendered":"http:\/\/agora.xtec.cat\/ies-viladegracia\/?p=4174"},"modified":"2019-04-26T11:20:25","modified_gmt":"2019-04-26T09:20:25","slug":"1r-deso-a-celebra-la-primavera","status":"publish","type":"post","link":"https:\/\/agora.xtec.cat\/ies-viladegracia\/portada\/1r-deso-a-celebra-la-primavera\/","title":{"rendered":"1r d&#8217;ESO A celebra la primavera"},"content":{"rendered":"<p><a href=\"https:\/\/agora.xtec.cat\/ies-viladegracia\/wp-content\/uploads\/usu241\/2019\/04\/La-primavera-1r-eso-A-P.jpg\"><img loading=\"lazy\" decoding=\"async\" class=\"wp-image-4175 alignleft\" src=\"https:\/\/agora.xtec.cat\/ies-viladegracia\/wp-content\/uploads\/usu241\/2019\/04\/La-primavera-1r-eso-A-P.jpg\" alt=\"\" width=\"494\" height=\"606\" srcset=\"https:\/\/agora.xtec.cat\/ies-viladegracia\/wp-content\/uploads\/usu241\/2019\/04\/La-primavera-1r-eso-A-P.jpg 600w, https:\/\/agora.xtec.cat\/ies-viladegracia\/wp-content\/uploads\/usu241\/2019\/04\/La-primavera-1r-eso-A-P-245x300.jpg 245w\" sizes=\"auto, (max-width: 494px) 100vw, 494px\" \/><\/a>Els alumnes de 1r d&#8217;ESO A van celebrar la primavera al mes pur estil Botticelli. Dins del marc de la celebraci\u00f3 del festival de Carnestoltes 2019 els nois i noies de 1r d&#8217;ESO A es van posar en marxa per oferir-nos aquesta fant\u00e0stica recreaci\u00f3 de la m\u00edtica obra del <em>cinquecento<\/em> itali\u00e0.<\/p>\n<p>Segons declaracions de la Julia, alumna del 1r A, la part m\u00e9s complicada va ser possar-se d&#8217;acord per crear l&#8217;argument conductor que acabaria amb la imatge que podeu veure. La part m\u00e9s divertida va ser fer el decorat, que es va fer a la pla\u00e7a de la Vila una tarda.<\/p>\n","protected":false},"excerpt":{"rendered":"<p><a href=\"https:\/\/agora.xtec.cat\/ies-viladegracia\/wp-content\/uploads\/usu241\/2019\/04\/La-primavera-1r-eso-A-P.jpg\"><\/a>Els alumnes de 1r d&#8217;ESO A van celebrar la primavera al mes pur estil Botticelli. Dins del marc de la celebraci\u00f3 del festival de Carnestoltes 2019 els nois i noies de 1r d&#8217;ESO A es van posar en marxa per oferir-nos aquesta fant\u00e0stica recreaci\u00f3&hellip;  <a href=\"https:\/\/agora.xtec.cat\/ies-viladegracia\/portada\/1r-deso-a-celebra-la-primavera\/\" title=\"Read 1r d&#8217;ESO A celebra la primavera\">Llegeix m\u00e9s\u00bb<\/a><\/p>\n","protected":false},"author":1,"featured_media":4175,"comment_status":"open","ping_status":"closed","sticky":false,"template":"","format":"standard","meta":{"footnotes":""},"categories":[164,104,112,107,29,130],"tags":[968,967,969],"class_list":["post-4174","post","type-post","status-publish","format-standard","has-post-thumbnail","hentry","category-1r-eso","category-activitats","category-carnestoltes","category-celebracions","category-portada","category-tutoria","tag-botticelli","tag-carnestoltes-2019","tag-cinquecento"],"post_mailing_queue_ids":[],"_links":{"self":[{"href":"https:\/\/agora.xtec.cat\/ies-viladegracia\/wp-json\/wp\/v2\/posts\/4174","targetHints":{"allow":["GET"]}}],"collection":[{"href":"https:\/\/agora.xtec.cat\/ies-viladegracia\/wp-json\/wp\/v2\/posts"}],"about":[{"href":"https:\/\/agora.xtec.cat\/ies-viladegracia\/wp-json\/wp\/v2\/types\/post"}],"author":[{"embeddable":true,"href":"https:\/\/agora.xtec.cat\/ies-viladegracia\/wp-json\/wp\/v2\/users\/1"}],"replies":[{"embeddable":true,"href":"https:\/\/agora.xtec.cat\/ies-viladegracia\/wp-json\/wp\/v2\/comments?post=4174"}],"version-history":[{"count":2,"href":"https:\/\/agora.xtec.cat\/ies-viladegracia\/wp-json\/wp\/v2\/posts\/4174\/revisions"}],"predecessor-version":[{"id":4177,"href":"https:\/\/agora.xtec.cat\/ies-viladegracia\/wp-json\/wp\/v2\/posts\/4174\/revisions\/4177"}],"wp:featuredmedia":[{"embeddable":true,"href":"https:\/\/agora.xtec.cat\/ies-viladegracia\/wp-json\/wp\/v2\/media\/4175"}],"wp:attachment":[{"href":"https:\/\/agora.xtec.cat\/ies-viladegracia\/wp-json\/wp\/v2\/media?parent=4174"}],"wp:term":[{"taxonomy":"category","embeddable":true,"href":"https:\/\/agora.xtec.cat\/ies-viladegracia\/wp-json\/wp\/v2\/categories?post=4174"},{"taxonomy":"post_tag","embeddable":true,"href":"https:\/\/agora.xtec.cat\/ies-viladegracia\/wp-json\/wp\/v2\/tags?post=4174"}],"curies":[{"name":"wp","href":"https:\/\/api.w.org\/{rel}","templated":true}]}}