{"id":11805,"date":"2026-04-29T14:00:46","date_gmt":"2026-04-29T12:00:46","guid":{"rendered":"https:\/\/agora.xtec.cat\/ies-viladegracia\/?p=11805"},"modified":"2026-04-29T14:00:46","modified_gmt":"2026-04-29T12:00:46","slug":"linstitut-vila-de-gracia-impulsa-el-projecte-artivistes-per-la-pau-i-la-noviolencia-el-curs-2025-2026","status":"publish","type":"post","link":"https:\/\/agora.xtec.cat\/ies-viladegracia\/general\/linstitut-vila-de-gracia-impulsa-el-projecte-artivistes-per-la-pau-i-la-noviolencia-el-curs-2025-2026\/","title":{"rendered":"L\u2019Institut Vila de Gr\u00e0cia impulsa el projecte \u201cArtivistes per la Pau i la Noviol\u00e8ncia\u201d el curs 2025-2026"},"content":{"rendered":"\n<p>Una part dels alumnes de 4t d\u2019ESO ha tancat aquest trimestre el projecte <em>Artivistes per la Pau i la Noviol\u00e8ncia<\/em>, una iniciativa d\u2019educaci\u00f3 per a la Just\u00edcia Global desenvolupada amb el suport de Creart.<\/p>\n\n\n\n<p>El projecte ha tingut com a objectiu fomentar una cultura de pau i noviol\u00e8ncia a trav\u00e9s de l\u2019artivisme, combinant expressi\u00f3 art\u00edstica i comprom\u00eds social, posant en valor la igualtat, la just\u00edcia i els drets humans.<\/p>\n\n\n\n<p>Com a cloenda del projecte, l\u2019alumnat ha creat una s\u00e8rie de <a href=\"https:\/\/drive.google.com\/drive\/folders\/16rmjYz2eBKkQrgWa2hHJH1FFvc3lL-Ce?usp=drive_link\" data-type=\"link\" data-id=\"https:\/\/drive.google.com\/drive\/folders\/16rmjYz2eBKkQrgWa2hHJH1FFvc3lL-Ce?usp=drive_link\">v\u00eddeos <\/a>que recullen el servei que han disenyat durant aquests mesos, mostrant tant les seves inquietuds com les seves\u00a0 propostes.\u00a0<\/p>\n\n\n\n<p>Creiem que aquest tipus de treball genera noves din\u00e0miques i promou la seva participaci\u00f3 en la construcci\u00f3 d\u2019una societat m\u00e9s justa.<\/p>\n\n\n<div class=\"wp-block-image\">\n<figure class=\"aligncenter size-full is-resized\"><a href=\"https:\/\/drive.google.com\/drive\/folders\/16rmjYz2eBKkQrgWa2hHJH1FFvc3lL-Ce?usp=drive_link\"><img loading=\"lazy\" decoding=\"async\" width=\"745\" height=\"540\" src=\"https:\/\/agora.xtec.cat\/ies-viladegracia\/wp-content\/uploads\/usu241\/2026\/04\/captura-2.jpg\" alt=\"\" class=\"wp-image-11811\" style=\"width:375px;height:auto\" srcset=\"https:\/\/agora.xtec.cat\/ies-viladegracia\/wp-content\/uploads\/usu241\/2026\/04\/captura-2.jpg 745w, https:\/\/agora.xtec.cat\/ies-viladegracia\/wp-content\/uploads\/usu241\/2026\/04\/captura-2-300x217.jpg 300w\" sizes=\"auto, (max-width: 745px) 100vw, 745px\" \/><\/a><\/figure><\/div>","protected":false},"excerpt":{"rendered":"<p>Una part dels alumnes de 4t d\u2019ESO ha tancat aquest trimestre el projecte Artivistes per la Pau i la Noviol\u00e8ncia, una iniciativa d\u2019educaci\u00f3 per a la Just\u00edcia Global desenvolupada amb el suport de Creart.<\/p>\n<p>El projecte ha tingut com a objectiu fomentar una cultura de pau&hellip;  <a href=\"https:\/\/agora.xtec.cat\/ies-viladegracia\/general\/linstitut-vila-de-gracia-impulsa-el-projecte-artivistes-per-la-pau-i-la-noviolencia-el-curs-2025-2026\/\" title=\"Read L\u2019Institut Vila de Gr\u00e0cia impulsa el projecte \u201cArtivistes per la Pau i la Noviol\u00e8ncia\u201d el curs 2025-2026\">Llegeix m\u00e9s\u00bb<\/a><\/p>\n","protected":false},"author":1,"featured_media":11812,"comment_status":"open","ping_status":"open","sticky":false,"template":"","format":"standard","meta":{"footnotes":""},"categories":[7,104,1525,1514,3,1,29],"tags":[],"class_list":["post-11805","post","type-post","status-publish","format-standard","has-post-thumbnail","hentry","category-4t-eso","category-activitats","category-aprenentatges","category-aps","category-eso","category-general","category-portada"],"post_mailing_queue_ids":[],"_links":{"self":[{"href":"https:\/\/agora.xtec.cat\/ies-viladegracia\/wp-json\/wp\/v2\/posts\/11805","targetHints":{"allow":["GET"]}}],"collection":[{"href":"https:\/\/agora.xtec.cat\/ies-viladegracia\/wp-json\/wp\/v2\/posts"}],"about":[{"href":"https:\/\/agora.xtec.cat\/ies-viladegracia\/wp-json\/wp\/v2\/types\/post"}],"author":[{"embeddable":true,"href":"https:\/\/agora.xtec.cat\/ies-viladegracia\/wp-json\/wp\/v2\/users\/1"}],"replies":[{"embeddable":true,"href":"https:\/\/agora.xtec.cat\/ies-viladegracia\/wp-json\/wp\/v2\/comments?post=11805"}],"version-history":[{"count":3,"href":"https:\/\/agora.xtec.cat\/ies-viladegracia\/wp-json\/wp\/v2\/posts\/11805\/revisions"}],"predecessor-version":[{"id":11813,"href":"https:\/\/agora.xtec.cat\/ies-viladegracia\/wp-json\/wp\/v2\/posts\/11805\/revisions\/11813"}],"wp:featuredmedia":[{"embeddable":true,"href":"https:\/\/agora.xtec.cat\/ies-viladegracia\/wp-json\/wp\/v2\/media\/11812"}],"wp:attachment":[{"href":"https:\/\/agora.xtec.cat\/ies-viladegracia\/wp-json\/wp\/v2\/media?parent=11805"}],"wp:term":[{"taxonomy":"category","embeddable":true,"href":"https:\/\/agora.xtec.cat\/ies-viladegracia\/wp-json\/wp\/v2\/categories?post=11805"},{"taxonomy":"post_tag","embeddable":true,"href":"https:\/\/agora.xtec.cat\/ies-viladegracia\/wp-json\/wp\/v2\/tags?post=11805"}],"curies":[{"name":"wp","href":"https:\/\/api.w.org\/{rel}","templated":true}]}}