{"id":11530,"date":"2026-02-05T19:01:34","date_gmt":"2026-02-05T18:01:34","guid":{"rendered":"https:\/\/agora.xtec.cat\/ies-viladegracia\/?p=11530"},"modified":"2026-02-05T19:04:34","modified_gmt":"2026-02-05T18:04:34","slug":"gran-participacio-de-linstitut-a-la-copa-cangur-2026","status":"publish","type":"post","link":"https:\/\/agora.xtec.cat\/ies-viladegracia\/comunitat-educativa\/nivells-educatius\/eso\/gran-participacio-de-linstitut-a-la-copa-cangur-2026\/","title":{"rendered":"Gran participaci\u00f3 de l\u2019Institut a la Copa Cangur 2026"},"content":{"rendered":"\n<p>Un grup d&#8217;alumnes de primer, segon i tercer d&#8217;ESO, ha estat preparant els divendres a l&#8217;hora del pati la Copa Cangur, un concurs de matem\u00e0tiques en equip, impulsat per la Societat Catalana de Matem\u00e0tiques.<\/p>\n\n\n\n<p>Una representaci\u00f3 d&#8217;aquest alumnat ha pogut participar en el concurs: a la categoria cadet alumnat de 1r i 2n d&#8217;ESO i a la categoria j\u00fanior alumnat de 3r i 4t d&#8217;ESO. Va ser molt dif\u00edcil escollir els qui representarien l&#8217;institut.<\/p>\n\n\n\n<p>En categoria Cadet, l\u2019equip de l\u2019Institut Vila de Gr\u00e0cia ha aconseguit una magn\u00edfica primera posici\u00f3, classificant-se per a la fase final nacional de la Copa Cangur. Enhorabona a l\u2019equip i al professorat per l\u2019excel\u00b7lent resultat!<\/p>\n\n\n\n<p>Pel que fa a la categoria J\u00fanior, l\u2019equip del centre ha obtingut una merit\u00f2ria quarta posici\u00f3, quedant a molt pocs punts del podi en una prova de gran nivell i competitivitat.<\/p>\n\n\n\n<p>Felicitats a tot l\u2019alumnat participant per la seva implicaci\u00f3 i esfor\u00e7, aix\u00ed com al professorat que els ha preparat. Desitgem molta sort a l\u2019equip Cadet en la gran final!<\/p>\n\n\n\n<figure class=\"wp-block-gallery has-nested-images columns-default is-cropped wp-block-gallery-1 is-layout-flex wp-block-gallery-is-layout-flex\">\n<figure class=\"wp-block-image size-large\"><a href=\"https:\/\/agora.xtec.cat\/ies-viladegracia\/wp-content\/uploads\/usu241\/2026\/02\/copa-cangur-2.jpg\"><img loading=\"lazy\" decoding=\"async\" width=\"1024\" height=\"715\" data-id=\"11533\" src=\"https:\/\/agora.xtec.cat\/ies-viladegracia\/wp-content\/uploads\/usu241\/2026\/02\/copa-cangur-2-1024x715.jpg\" alt=\"\" class=\"wp-image-11533\" srcset=\"https:\/\/agora.xtec.cat\/ies-viladegracia\/wp-content\/uploads\/usu241\/2026\/02\/copa-cangur-2-1024x715.jpg 1024w, https:\/\/agora.xtec.cat\/ies-viladegracia\/wp-content\/uploads\/usu241\/2026\/02\/copa-cangur-2-300x209.jpg 300w, https:\/\/agora.xtec.cat\/ies-viladegracia\/wp-content\/uploads\/usu241\/2026\/02\/copa-cangur-2-768x536.jpg 768w, https:\/\/agora.xtec.cat\/ies-viladegracia\/wp-content\/uploads\/usu241\/2026\/02\/copa-cangur-2.jpg 1203w\" sizes=\"auto, (max-width: 1024px) 100vw, 1024px\" \/><\/a><figcaption class=\"wp-element-caption\">Prova Cangur 2026<\/figcaption><\/figure>\n\n\n\n<figure class=\"wp-block-image size-large\"><a href=\"https:\/\/agora.xtec.cat\/ies-viladegracia\/wp-content\/uploads\/usu241\/2026\/02\/copa-cangur-1.jpg\"><img loading=\"lazy\" decoding=\"async\" width=\"1024\" height=\"884\" data-id=\"11532\" src=\"https:\/\/agora.xtec.cat\/ies-viladegracia\/wp-content\/uploads\/usu241\/2026\/02\/copa-cangur-1-1024x884.jpg\" alt=\"\" class=\"wp-image-11532\" srcset=\"https:\/\/agora.xtec.cat\/ies-viladegracia\/wp-content\/uploads\/usu241\/2026\/02\/copa-cangur-1-1024x884.jpg 1024w, https:\/\/agora.xtec.cat\/ies-viladegracia\/wp-content\/uploads\/usu241\/2026\/02\/copa-cangur-1-300x259.jpg 300w, https:\/\/agora.xtec.cat\/ies-viladegracia\/wp-content\/uploads\/usu241\/2026\/02\/copa-cangur-1-768x663.jpg 768w, https:\/\/agora.xtec.cat\/ies-viladegracia\/wp-content\/uploads\/usu241\/2026\/02\/copa-cangur-1.jpg 1328w\" sizes=\"auto, (max-width: 1024px) 100vw, 1024px\" \/><\/a><\/figure>\n<\/figure>\n\n\n\n<p><\/p>\n","protected":false},"excerpt":{"rendered":"<p>Un grup d&#8217;alumnes de primer, segon i tercer d&#8217;ESO, ha estat preparant els divendres a l&#8217;hora del pati la Copa Cangur, un concurs de matem\u00e0tiques en equip, impulsat per la Societat Catalana de Matem\u00e0tiques.<\/p>\n<p>Una representaci\u00f3 d&#8217;aquest alumnat ha pogut participar en el concurs: a la&hellip;  <a href=\"https:\/\/agora.xtec.cat\/ies-viladegracia\/comunitat-educativa\/nivells-educatius\/eso\/gran-participacio-de-linstitut-a-la-copa-cangur-2026\/\" title=\"Read Gran participaci\u00f3 de l\u2019Institut a la Copa Cangur 2026\">Llegeix m\u00e9s\u00bb<\/a><\/p>\n","protected":false},"author":1,"featured_media":11531,"comment_status":"open","ping_status":"open","sticky":false,"template":"","format":"standard","meta":{"footnotes":""},"categories":[164,5,6,7,104,1525,3,176,29],"tags":[],"class_list":["post-11530","post","type-post","status-publish","format-standard","has-post-thumbnail","hentry","category-1r-eso","category-2n-eso","category-3r-eso","category-4t-eso","category-activitats","category-aprenentatges","category-eso","category-matematiques","category-portada"],"post_mailing_queue_ids":[],"_links":{"self":[{"href":"https:\/\/agora.xtec.cat\/ies-viladegracia\/wp-json\/wp\/v2\/posts\/11530","targetHints":{"allow":["GET"]}}],"collection":[{"href":"https:\/\/agora.xtec.cat\/ies-viladegracia\/wp-json\/wp\/v2\/posts"}],"about":[{"href":"https:\/\/agora.xtec.cat\/ies-viladegracia\/wp-json\/wp\/v2\/types\/post"}],"author":[{"embeddable":true,"href":"https:\/\/agora.xtec.cat\/ies-viladegracia\/wp-json\/wp\/v2\/users\/1"}],"replies":[{"embeddable":true,"href":"https:\/\/agora.xtec.cat\/ies-viladegracia\/wp-json\/wp\/v2\/comments?post=11530"}],"version-history":[{"count":3,"href":"https:\/\/agora.xtec.cat\/ies-viladegracia\/wp-json\/wp\/v2\/posts\/11530\/revisions"}],"predecessor-version":[{"id":11549,"href":"https:\/\/agora.xtec.cat\/ies-viladegracia\/wp-json\/wp\/v2\/posts\/11530\/revisions\/11549"}],"wp:featuredmedia":[{"embeddable":true,"href":"https:\/\/agora.xtec.cat\/ies-viladegracia\/wp-json\/wp\/v2\/media\/11531"}],"wp:attachment":[{"href":"https:\/\/agora.xtec.cat\/ies-viladegracia\/wp-json\/wp\/v2\/media?parent=11530"}],"wp:term":[{"taxonomy":"category","embeddable":true,"href":"https:\/\/agora.xtec.cat\/ies-viladegracia\/wp-json\/wp\/v2\/categories?post=11530"},{"taxonomy":"post_tag","embeddable":true,"href":"https:\/\/agora.xtec.cat\/ies-viladegracia\/wp-json\/wp\/v2\/tags?post=11530"}],"curies":[{"name":"wp","href":"https:\/\/api.w.org\/{rel}","templated":true}]}}