{"id":11519,"date":"2026-01-30T09:37:21","date_gmt":"2026-01-30T08:37:21","guid":{"rendered":"https:\/\/agora.xtec.cat\/ies-viladegracia\/?p=11519"},"modified":"2026-01-30T09:38:30","modified_gmt":"2026-01-30T08:38:30","slug":"30-de-gener-dia-escolar-de-la-no-violencia-i-la-pau","status":"publish","type":"post","link":"https:\/\/agora.xtec.cat\/ies-viladegracia\/general\/30-de-gener-dia-escolar-de-la-no-violencia-i-la-pau\/","title":{"rendered":"30 de gener &#8211; Dia escolar de la No-viol\u00e8ncia i la Pau"},"content":{"rendered":"\n<p>L&#8217;alumnat de diferents cursos treballa conjuntament en el context de Dia escolar de la No-viol\u00e8ncia i la Pau. En concret, 4t d&#8217;ESO, dins del marc dels Serveis Comunitaris, ha dissenyat una proposta educativa per a 1r d&#8217;ESO.<\/p>\n\n\n\n<p>La idea ha estat treballar les emocions que envolten la conviv\u00e8ncia i que creen un clima de pau a l&#8217;aula. Juntament amb aquestes emocions han buscat actes quotidians que les reforcen perqu\u00e8\u00a0l&#8217;alumnat pugui reflexionar sobre com podem ser agents de pau. <\/p>\n\n\n<div class=\"wp-block-image\">\n<figure class=\"aligncenter size-large is-resized\"><a href=\"https:\/\/agora.xtec.cat\/ies-viladegracia\/wp-content\/uploads\/usu241\/2026\/01\/DiadelaPau.jpg\"><img loading=\"lazy\" decoding=\"async\" width=\"1024\" height=\"1024\" src=\"https:\/\/agora.xtec.cat\/ies-viladegracia\/wp-content\/uploads\/usu241\/2026\/01\/DiadelaPau-1024x1024.jpg\" alt=\"\" class=\"wp-image-11520\" style=\"width:443px;height:auto\" srcset=\"https:\/\/agora.xtec.cat\/ies-viladegracia\/wp-content\/uploads\/usu241\/2026\/01\/DiadelaPau-1024x1024.jpg 1024w, https:\/\/agora.xtec.cat\/ies-viladegracia\/wp-content\/uploads\/usu241\/2026\/01\/DiadelaPau-300x300.jpg 300w, https:\/\/agora.xtec.cat\/ies-viladegracia\/wp-content\/uploads\/usu241\/2026\/01\/DiadelaPau-150x150.jpg 150w, https:\/\/agora.xtec.cat\/ies-viladegracia\/wp-content\/uploads\/usu241\/2026\/01\/DiadelaPau-768x768.jpg 768w, https:\/\/agora.xtec.cat\/ies-viladegracia\/wp-content\/uploads\/usu241\/2026\/01\/DiadelaPau-1536x1536.jpg 1536w, https:\/\/agora.xtec.cat\/ies-viladegracia\/wp-content\/uploads\/usu241\/2026\/01\/DiadelaPau.jpg 2046w\" sizes=\"auto, (max-width: 1024px) 100vw, 1024px\" \/><\/a><\/figure><\/div>\n\n\n<p>I \u00e9s que certament, els canvis que volem veure en el m\u00f3n, els hem de comen\u00e7ar per nosaltres mateixos\/es. I els qui ens esteu llegint&#8230;, teniu identificades aquestes emocions i els actes quotidians que les reforcen?<\/p>\n\n\n\n<p><strong>Aprofitem per reiterar els nostres desitjos de No-viol\u00e8ncia i Pau en el quotidi\u00e0 i arreu del m\u00f3n.<\/strong><\/p>\n\n\n\n<p><\/p>\n","protected":false},"excerpt":{"rendered":"<p>L&#8217;alumnat de diferents cursos treballa conjuntament en el context de Dia escolar de la No-viol\u00e8ncia i la Pau. En concret, 4t d&#8217;ESO, dins del marc dels Serveis Comunitaris, ha dissenyat una proposta educativa per a 1r d&#8217;ESO.<\/p>\n<p>La idea ha estat treballar les emocions que envolten&hellip;  <a href=\"https:\/\/agora.xtec.cat\/ies-viladegracia\/general\/30-de-gener-dia-escolar-de-la-no-violencia-i-la-pau\/\" title=\"Read 30 de gener &#8211; Dia escolar de la No-viol\u00e8ncia i la Pau\">Llegeix m\u00e9s\u00bb<\/a><\/p>\n","protected":false},"author":1,"featured_media":11520,"comment_status":"open","ping_status":"open","sticky":false,"template":"","format":"standard","meta":{"footnotes":""},"categories":[164,7,1514,173,3,1,29],"tags":[],"class_list":["post-11519","post","type-post","status-publish","format-standard","has-post-thumbnail","hentry","category-1r-eso","category-4t-eso","category-aps","category-cultura-i-valors-etics","category-eso","category-general","category-portada"],"post_mailing_queue_ids":[],"_links":{"self":[{"href":"https:\/\/agora.xtec.cat\/ies-viladegracia\/wp-json\/wp\/v2\/posts\/11519","targetHints":{"allow":["GET"]}}],"collection":[{"href":"https:\/\/agora.xtec.cat\/ies-viladegracia\/wp-json\/wp\/v2\/posts"}],"about":[{"href":"https:\/\/agora.xtec.cat\/ies-viladegracia\/wp-json\/wp\/v2\/types\/post"}],"author":[{"embeddable":true,"href":"https:\/\/agora.xtec.cat\/ies-viladegracia\/wp-json\/wp\/v2\/users\/1"}],"replies":[{"embeddable":true,"href":"https:\/\/agora.xtec.cat\/ies-viladegracia\/wp-json\/wp\/v2\/comments?post=11519"}],"version-history":[{"count":1,"href":"https:\/\/agora.xtec.cat\/ies-viladegracia\/wp-json\/wp\/v2\/posts\/11519\/revisions"}],"predecessor-version":[{"id":11521,"href":"https:\/\/agora.xtec.cat\/ies-viladegracia\/wp-json\/wp\/v2\/posts\/11519\/revisions\/11521"}],"wp:featuredmedia":[{"embeddable":true,"href":"https:\/\/agora.xtec.cat\/ies-viladegracia\/wp-json\/wp\/v2\/media\/11520"}],"wp:attachment":[{"href":"https:\/\/agora.xtec.cat\/ies-viladegracia\/wp-json\/wp\/v2\/media?parent=11519"}],"wp:term":[{"taxonomy":"category","embeddable":true,"href":"https:\/\/agora.xtec.cat\/ies-viladegracia\/wp-json\/wp\/v2\/categories?post=11519"},{"taxonomy":"post_tag","embeddable":true,"href":"https:\/\/agora.xtec.cat\/ies-viladegracia\/wp-json\/wp\/v2\/tags?post=11519"}],"curies":[{"name":"wp","href":"https:\/\/api.w.org\/{rel}","templated":true}]}}