{"id":10708,"date":"2025-04-25T09:30:24","date_gmt":"2025-04-25T07:30:24","guid":{"rendered":"https:\/\/agora.xtec.cat\/ies-viladegracia\/?p=10708"},"modified":"2025-04-23T13:43:59","modified_gmt":"2025-04-23T11:43:59","slug":"els-joves-no-llegeixen","status":"publish","type":"post","link":"https:\/\/agora.xtec.cat\/ies-viladegracia\/general\/els-joves-no-llegeixen\/","title":{"rendered":"Els joves no llegeixen?\u00a0"},"content":{"rendered":"<p><b>Trobada dels participants del First (Literary) Dates 2025<\/b><\/p>\n<p><b>Cr\u00f2nica d\u2019una tarda a la Biblioteca Tecla Sala de l\u2019Hospitalet, per Carme Pardo. Dijous, 3 d\u2019abril.\u00a0<\/b><\/p>\n<p><span style=\"font-weight: 400;\">No comen\u00e7ar\u00e9 aquesta cr\u00f2nica amagant la realitat. Hi ha nervis. Hi ha expectativa. \u00c9s el primer cop que hi participem i la prud\u00e8ncia de les noies de 1r d\u2019ESO equilibra\u00a0 la despreocupaci\u00f3 alegre i juvenil (potser fingida, finalment) dels alumnes de 4t. Marxem els dos grups per separat de l\u2019Institut i ens trobem, molt puntuals, a l\u2019Hospitalet. Pel cam\u00ed, em vaig preguntant: els agradar\u00e0? S\u2019ho passaran b\u00e9? Gaudiran compartint les lectures triades? Connectaran amb els alumnes d\u2019altres centres?\u00a0<\/span><\/p>\n<p><span style=\"font-weight: 400;\">Abans de sortir del metro, a La Torrassa, veig tot un grup de joves i, al capdavant, una noia m\u00e9s gran. Ens mirem i ens reconeixem de seguida: <\/span><b>&#8211;<\/b><span style=\"font-weight: 400;\">Aneu al First, oi? i un somriure de complicitat es dibuixa als llavis. <\/span><b>\u2013<\/b><span style=\"font-weight: 400;\">S\u00ed! \u00c9s el primer cop- em diuen-, saps com es va? -No molt b\u00e9, per\u00f2 ho busquem entre tots. Li responc amb l\u2019emoci\u00f3 de la que troba a alg\u00fa que t\u00e9 un mateix objectiu. I just arribar al carrer ens trobem amb els \u201cmeus\u201d 7 magn\u00edfics de 4t. Cap problema, la Candela ens orienta per on hem d\u2019anar.\u00a0<\/span><\/p>\n<p><span style=\"font-weight: 400;\">De seguida arribem al parc que envolta el recinte Tecla Sala, un espai envejable, conformat per diferents serveis i equipaments. Ens situem a la porta d\u2019un d\u2019ells, la biblioteca (fotos abans d\u2019entrar per immortalitzar el moment). Entrem per fi i ens trobem amb un espai ampli, amb el fons repartit en diferents plantes. Som 400 i escaig\u00a0 i malgrat tot l\u2019enrenou que representem per al seu dia a dia i per a la resta d\u2019usuaris que comparteixen el lloc, ens reben amb molta calidesa, amb paci\u00e8ncia, miren d\u2019indicar-nos per on hem d\u2019anar. Col\u00b7laborant amb el professorat encarregat de l\u2019organitzaci\u00f3, ho tenen tot a punt per als que anem arribant: senyalitzaci\u00f3, redistribuci\u00f3 de taules, cadires, expositors, sof\u00e0s,&#8230; Les taules de les cites parades amb el seu n\u00famero segons el men\u00fa i amb el berenar que endolcir\u00e0 les converses. Tot a punt perqu\u00e8 ens hi trobem c\u00f2modes, perqu\u00e8 gaudim de la tarda. Cares amables i disposades. Moltes gr\u00e0cies.<\/span><\/p>\n<p><span style=\"font-weight: 400;\">He pensat, amb il\u00b7lusi\u00f3, que potser ells tamb\u00e9 veien que portar tots aquells joves all\u00e0 ens unia d\u2019alguna manera. Tots estem treballant perqu\u00e8 les noies i els nois s\u2019interessin per la lectura.<\/span><\/p>\n<p><span style=\"font-weight: 400;\">I comencem! Noies i nois de centres de la ciutat amfitriona fan les actuacions musicals (tot un repte davant un p\u00fablic tan exigent. Enhorabona!). Es proclamen els premis al millor cartell del First (Literary) Dates i al millor Booktrailer dels men\u00fas. Finalitzada aquesta primera part de benvinguda i reconeixements, totes i tots els participants, es dirigeixen a les seves taules.<\/span><\/p>\n<p><span style=\"font-weight: 400;\">M\u2019ho miro des de fora passejant-me, a dist\u00e0ncia. Observo \u201cals meus\u201d. N&#8217;hi ha que ja s\u2019hi enganxen nom\u00e9s comen\u00e7ar. Hi ha qui els costa m\u00e9s. Les taules les conformen noies i nois molt diversos, d\u2019edats diferents, nivells lectors desiguals,&#8230; Per\u00f2 passa l\u2019estona i veig que ja estan tots participant. Em somriuen i entenc que tot va b\u00e9. No tots estan a la mateixa taula. Les m\u00e9s joves han fet lectures en angl\u00e8s, taula del Fish &amp; Chips i en aquest idioma estan conversant. En Sam, la Candela i la Jana, a l\u2019Alta cuina, l\u2019Oliver a cuina d\u2019autors catalans, el V\u00edctor i el Pere a la Negra i Criminal i el Nil, a la del Nazisme.\u00a0<\/span><\/p>\n<p><span style=\"font-weight: 400;\">De mica en mica, la timidesa dels primers moments davant altres joves desconeguts s\u2019ha anat fonent de la m\u00e0 dels moderadors de les taules, alumnes de batxillerat que han volgut col\u00b7laborar conduint les tert\u00falies de manera que la conversa acabi sent fluida i enriquidora. Els que \u201ctrenquen el gel\u201d, estableixen ponts i busquen punts en com\u00fa. Imprescindibles. Gr\u00e0cies tamb\u00e9.<\/span><\/p>\n<p><span style=\"font-weight: 400;\">Els professors i acompanyants ens hem retirat deixant-los sols amb les seves armes: els llibres. I amb la seguretat que aquest tipus d\u2019armes generaran coneixement, entesa i di\u00e0leg. I controv\u00e8rsia, per qu\u00e8 no? Per\u00f2 aix\u00f2, aqu\u00ed, no ens espanta. Perqu\u00e8 la munici\u00f3 dels llibres son les paraules i tot i que molts cops, no ens enganyem, tamb\u00e9 fereixen, si saben triar les apropiades, el conflicte es resoldr\u00e0. Seran el b\u00e0lsam que curar\u00e0, que ho tornar\u00e0 tot a lloc i els portar\u00e0 al debat assenyat, enriquidor, a aquell que ens iguala malgrat les nostres difer\u00e8ncies.\u00a0<\/span><\/p>\n<p><span style=\"font-weight: 400;\">Per a nosaltres, els bibliotecaris de la Tecla Sala ens han preparat un espai amb sillonets i tauleta, separat de les taules per les prestatgeries de la biblioteca. En aquest \u201coasi\u201d podem seure, berenar (s\u00ed, nosaltres tamb\u00e9!) i parlar mentre les noves generacions, a uns metres de dist\u00e0ncia, es coneixen i parlen de llibres. Un somni fet realitat. Una injecci\u00f3 d\u2019energia per continuar insistint i que dona valor a tot el que ha estat passat mesos abans: presentaci\u00f3 del projecte, dels men\u00fas, tria dels llibres, lectura, trobades de seguiment i aclariment de dubtes, autoritzacions,&#8230; Aix\u00f2 pel que fa als alumnes.\u00a0 Pel que fa\u00a0 als que organitzen, llistats interminables de coses a tenir en compte (aquests, nom\u00e9s els sap fer\u00a0 la Rosalia, \u00e0nima mater, del projecte): espai on es far\u00e0, alumnes, centres que participaran, qu\u00e8 llegir\u00e0 cadasc\u00fa, lectures a debatre, taules assignades, formularis de les al\u00b7l\u00e8rgies, qui s\u2019encarrega de qu\u00e8, reunions <\/span><i><span style=\"font-weight: 400;\">online <\/span><\/i><span style=\"font-weight: 400;\">per polir i aclarir dubtes, compra de les begudes, encarregar el berenar, transport de tot plegat\u2026 (pel que fa al transport, tinc ent\u00e8s que algun familiar solidari i comprom\u00e8s amb la causa dona un cop de m\u00e0. Un\u00a0 agra\u00efment especial per a ell).<\/span><\/p>\n<p><span style=\"font-weight: 400;\">I al final ve el retorn: s\u2019ho han passat molt b\u00e9, els ha agradat venir. Aix\u00f2 em satisf\u00e0, jo tamb\u00e9 estic contenta d\u2019haver-los acompanyat. Els de 4t marxen i em fan arribar, una estona m\u00e9s tard, una foto preciosa que quedar\u00e0 entre els meus records. Jo em quedo a donar un cop de m\u00e0 per recollir mentre l\u2019Aisling i la Gabi, les m\u00e9s joves, donen voltes, es perden i remenen pels prestatges de la biblioteca, emocionades, trobant\u00a0 molts llibres que els agraden entre un fons molt ben triat.\u00a0<\/span><\/p>\n<p><span style=\"font-weight: 400;\">Ja son les 7 tocades, hem de marxar. M\u2019emporto els ulls i les orelles plens de joves parlant de llibres, professores i professors engrescats a seguir fent aquesta feina tan agra\u00efda (amb tot el que comporta preparar-ho), una foto entranyable, dues noies carregades de llibres (hem passat pel taulell de pr\u00e9stec) i moltes ganes de tornar el curs vinent.<\/span><\/p>\n\r\n\t<div class=\"slideshow_container slideshow_container_style-light\" style=\" \" data-slideshow-id=\"10714\" data-style-name=\"style-light\" data-style-version=\"2.3.1\" >\r\n\r\n\t\t\t\t\t<div class=\"slideshow_loading_icon\"><\/div>\r\n\t\t\r\n\t\t<div class=\"slideshow_content\" style=\"display: none;\">\r\n\r\n\t\t\t<div class=\"slideshow_view\">\r\n\t\t\t\t<div class=\"slideshow_slide slideshow_slide_image\">\r\n\t\t\t\t\t\t\t\t\t\t\t<img src=\"https:\/\/agora.xtec.cat\/ies-viladegracia\/wp-content\/uploads\/usu241\/2025\/04\/joves-llegeixen-2.jpg\" alt=\"joves llegeixen (2)\" width=\"1920\" height=\"1080\" \/>\r\n\t\t\t\t\t\t\t\t\t\t<div class=\"slideshow_description_box slideshow_transparent\">\r\n\t\t\t\t\t\t<div class=\"slideshow_title\">joves llegeixen (2)<\/div>\t\t\t\t\t\t\t\t\t\t\t<\/div>\r\n\t\t\t\t<\/div>\r\n\r\n\t\t\t\t\t\t<div style=\"clear: both;\"><\/div><\/div><div class=\"slideshow_view\">\r\n\t\t\t\t<div class=\"slideshow_slide slideshow_slide_image\">\r\n\t\t\t\t\t\t\t\t\t\t\t<img src=\"https:\/\/agora.xtec.cat\/ies-viladegracia\/wp-content\/uploads\/usu241\/2025\/04\/joves-llegeixen-1.jpg\" alt=\"joves llegeixen (1)\" width=\"1920\" height=\"1080\" \/>\r\n\t\t\t\t\t\t\t\t\t\t<div class=\"slideshow_description_box slideshow_transparent\">\r\n\t\t\t\t\t\t<div class=\"slideshow_title\">joves llegeixen (1)<\/div>\t\t\t\t\t\t\t\t\t\t\t<\/div>\r\n\t\t\t\t<\/div>\r\n\r\n\t\t\t\t\t\t<div style=\"clear: both;\"><\/div><\/div>\r\n\t\t<\/div>\r\n\r\n\t\t<div class=\"slideshow_controlPanel slideshow_transparent\" style=\"display: none;\"><ul><li class=\"slideshow_togglePlay\" data-play-text=\"Visualitza\" data-pause-text=\"Pausa\"><\/li><\/ul><\/div>\r\n\r\n\t\t<div class=\"slideshow_button slideshow_previous slideshow_transparent\" role=\"button\" data-previous-text=\"Anterior\" style=\"display: none;\"><\/div>\r\n\t\t<div class=\"slideshow_button slideshow_next slideshow_transparent\" role=\"button\" data-next-text=\"Seg\u00fcent\" style=\"display: none;\"><\/div>\r\n\r\n\t\t<div class=\"slideshow_pagination\" style=\"display: none;\" data-go-to-text=\"V\u00e9s a la diapositiva\"><div class=\"slideshow_pagination_center\"><\/div><\/div>\r\n\r\n\t\t<!-- WordPress Slideshow Version 2.3.1 -->\r\n\r\n\t\t\t<\/div>\r\n\r\n\n","protected":false},"excerpt":{"rendered":"<p>Trobada dels participants del First (Literary) Dates 2025<br \/>\nCr\u00f2nica d\u2019una tarda a la Biblioteca Tecla Sala de l\u2019Hospitalet, per Carme Pardo. Dijous, 3 d\u2019abril.\u00a0<br \/>\nNo comen\u00e7ar\u00e9 aquesta cr\u00f2nica amagant la realitat. Hi ha nervis. Hi ha expectativa. \u00c9s el primer cop que hi participem i la prud\u00e8ncia&hellip;  <a href=\"https:\/\/agora.xtec.cat\/ies-viladegracia\/general\/els-joves-no-llegeixen\/\" title=\"Read Els joves no llegeixen?\u00a0\">Llegeix m\u00e9s\u00bb<\/a><\/p>\n","protected":false},"author":1,"featured_media":10716,"comment_status":"open","ping_status":"closed","sticky":false,"template":"","format":"standard","meta":{"footnotes":""},"categories":[144,283,282,3,1,185,29,105],"tags":[],"class_list":["post-10708","post","type-post","status-publish","format-standard","has-post-thumbnail","hentry","category-biblioteca","category-castella","category-catala","category-eso","category-general","category-llengues-estrangeres-angles","category-portada","category-sortides"],"post_mailing_queue_ids":[],"_links":{"self":[{"href":"https:\/\/agora.xtec.cat\/ies-viladegracia\/wp-json\/wp\/v2\/posts\/10708","targetHints":{"allow":["GET"]}}],"collection":[{"href":"https:\/\/agora.xtec.cat\/ies-viladegracia\/wp-json\/wp\/v2\/posts"}],"about":[{"href":"https:\/\/agora.xtec.cat\/ies-viladegracia\/wp-json\/wp\/v2\/types\/post"}],"author":[{"embeddable":true,"href":"https:\/\/agora.xtec.cat\/ies-viladegracia\/wp-json\/wp\/v2\/users\/1"}],"replies":[{"embeddable":true,"href":"https:\/\/agora.xtec.cat\/ies-viladegracia\/wp-json\/wp\/v2\/comments?post=10708"}],"version-history":[{"count":2,"href":"https:\/\/agora.xtec.cat\/ies-viladegracia\/wp-json\/wp\/v2\/posts\/10708\/revisions"}],"predecessor-version":[{"id":10715,"href":"https:\/\/agora.xtec.cat\/ies-viladegracia\/wp-json\/wp\/v2\/posts\/10708\/revisions\/10715"}],"wp:featuredmedia":[{"embeddable":true,"href":"https:\/\/agora.xtec.cat\/ies-viladegracia\/wp-json\/wp\/v2\/media\/10716"}],"wp:attachment":[{"href":"https:\/\/agora.xtec.cat\/ies-viladegracia\/wp-json\/wp\/v2\/media?parent=10708"}],"wp:term":[{"taxonomy":"category","embeddable":true,"href":"https:\/\/agora.xtec.cat\/ies-viladegracia\/wp-json\/wp\/v2\/categories?post=10708"},{"taxonomy":"post_tag","embeddable":true,"href":"https:\/\/agora.xtec.cat\/ies-viladegracia\/wp-json\/wp\/v2\/tags?post=10708"}],"curies":[{"name":"wp","href":"https:\/\/api.w.org\/{rel}","templated":true}]}}