{"id":9956,"date":"2019-05-22T08:23:59","date_gmt":"2019-05-22T06:23:59","guid":{"rendered":"http:\/\/agora.xtec.cat\/ies-viladecavalls\/?p=9956"},"modified":"2019-05-22T08:33:31","modified_gmt":"2019-05-22T06:33:31","slug":"sortida-cientifica-a-la-zona-volcanica-de-la-garrotxa","status":"publish","type":"post","link":"https:\/\/agora.xtec.cat\/ies-viladecavalls\/portada\/sortida-cientifica-a-la-zona-volcanica-de-la-garrotxa\/","title":{"rendered":"Sortida cient\u00edfica a la zona volc\u00e0nica de la Garrotxa"},"content":{"rendered":"<p>Els alumnes de 2n ESO van visitar la zona volc\u00e0nica de la Garrotxa, van gaudir d&#8217;aquest meravell\u00f3s parc natural i van con\u00e8ixer de ben aprop els volcans Croscat i el de Santa Margarida.<\/p>\n<p>M\u00e9s fotos dins la not\u00edcia.<\/p>\n<p><img loading=\"lazy\" decoding=\"async\" class=\"alignnone size-full wp-image-9957\" src=\"https:\/\/agora.xtec.cat\/ies-viladecavalls\/wp-content\/uploads\/usu1438\/2019\/05\/olot1.jpg\" alt=\"\" width=\"465\" height=\"494\" srcset=\"https:\/\/agora.xtec.cat\/ies-viladecavalls\/wp-content\/uploads\/usu1438\/2019\/05\/olot1.jpg 465w, https:\/\/agora.xtec.cat\/ies-viladecavalls\/wp-content\/uploads\/usu1438\/2019\/05\/olot1-282x300.jpg 282w\" sizes=\"auto, (max-width: 465px) 100vw, 465px\" \/> <img loading=\"lazy\" decoding=\"async\" class=\"alignnone size-large wp-image-9958\" src=\"https:\/\/agora.xtec.cat\/ies-viladecavalls\/wp-content\/uploads\/usu1438\/2019\/05\/olot2.jpg\" alt=\"\" width=\"822\" height=\"486\" srcset=\"https:\/\/agora.xtec.cat\/ies-viladecavalls\/wp-content\/uploads\/usu1438\/2019\/05\/olot2.jpg 822w, https:\/\/agora.xtec.cat\/ies-viladecavalls\/wp-content\/uploads\/usu1438\/2019\/05\/olot2-300x177.jpg 300w, https:\/\/agora.xtec.cat\/ies-viladecavalls\/wp-content\/uploads\/usu1438\/2019\/05\/olot2-768x454.jpg 768w\" sizes=\"auto, (max-width: 822px) 100vw, 822px\" \/> <img loading=\"lazy\" decoding=\"async\" class=\"alignnone size-large wp-image-9959\" src=\"https:\/\/agora.xtec.cat\/ies-viladecavalls\/wp-content\/uploads\/usu1438\/2019\/05\/olot3.jpg\" alt=\"\" width=\"507\" height=\"595\" srcset=\"https:\/\/agora.xtec.cat\/ies-viladecavalls\/wp-content\/uploads\/usu1438\/2019\/05\/olot3.jpg 507w, https:\/\/agora.xtec.cat\/ies-viladecavalls\/wp-content\/uploads\/usu1438\/2019\/05\/olot3-256x300.jpg 256w\" sizes=\"auto, (max-width: 507px) 100vw, 507px\" \/> <img loading=\"lazy\" decoding=\"async\" class=\"alignnone size-large wp-image-9960\" src=\"https:\/\/agora.xtec.cat\/ies-viladecavalls\/wp-content\/uploads\/usu1438\/2019\/05\/olot4.jpg\" alt=\"\" width=\"886\" height=\"524\" srcset=\"https:\/\/agora.xtec.cat\/ies-viladecavalls\/wp-content\/uploads\/usu1438\/2019\/05\/olot4.jpg 886w, https:\/\/agora.xtec.cat\/ies-viladecavalls\/wp-content\/uploads\/usu1438\/2019\/05\/olot4-300x177.jpg 300w, https:\/\/agora.xtec.cat\/ies-viladecavalls\/wp-content\/uploads\/usu1438\/2019\/05\/olot4-768x454.jpg 768w\" sizes=\"auto, (max-width: 886px) 100vw, 886px\" \/> <img loading=\"lazy\" decoding=\"async\" class=\"alignnone size-large wp-image-9961\" src=\"https:\/\/agora.xtec.cat\/ies-viladecavalls\/wp-content\/uploads\/usu1438\/2019\/05\/olot5.jpg\" alt=\"\" width=\"506\" height=\"603\" srcset=\"https:\/\/agora.xtec.cat\/ies-viladecavalls\/wp-content\/uploads\/usu1438\/2019\/05\/olot5.jpg 506w, https:\/\/agora.xtec.cat\/ies-viladecavalls\/wp-content\/uploads\/usu1438\/2019\/05\/olot5-252x300.jpg 252w\" sizes=\"auto, (max-width: 506px) 100vw, 506px\" \/> <img loading=\"lazy\" decoding=\"async\" class=\"alignnone size-large wp-image-9962\" src=\"https:\/\/agora.xtec.cat\/ies-viladecavalls\/wp-content\/uploads\/usu1438\/2019\/05\/olot6-1024x482.jpg\" alt=\"\" width=\"1024\" height=\"482\" srcset=\"https:\/\/agora.xtec.cat\/ies-viladecavalls\/wp-content\/uploads\/usu1438\/2019\/05\/olot6-1024x482.jpg 1024w, https:\/\/agora.xtec.cat\/ies-viladecavalls\/wp-content\/uploads\/usu1438\/2019\/05\/olot6-300x141.jpg 300w, https:\/\/agora.xtec.cat\/ies-viladecavalls\/wp-content\/uploads\/usu1438\/2019\/05\/olot6-768x361.jpg 768w, https:\/\/agora.xtec.cat\/ies-viladecavalls\/wp-content\/uploads\/usu1438\/2019\/05\/olot6.jpg 1116w\" sizes=\"auto, (max-width: 1024px) 100vw, 1024px\" \/><\/p>\n","protected":false},"excerpt":{"rendered":"<p>Els alumnes de 2n ESO van visitar la zona volc\u00e0nica de la Garrotxa, van gaudir d&#8217;aquest meravell\u00f3s parc natural i van con\u00e8ixer de ben aprop els volcans Croscat i el de Santa Margarida.<br \/>\nM\u00e9s fotos dins la not\u00edcia.<\/p>\n","protected":false},"author":1,"featured_media":9962,"comment_status":"open","ping_status":"closed","sticky":false,"template":"","format":"standard","meta":{"_bbp_topic_count":0,"_bbp_reply_count":0,"_bbp_total_topic_count":0,"_bbp_total_reply_count":0,"_bbp_voice_count":0,"_bbp_anonymous_reply_count":0,"_bbp_topic_count_hidden":0,"_bbp_reply_count_hidden":0,"_bbp_forum_subforum_count":0,"footnotes":""},"categories":[29],"tags":[],"class_list":["post-9956","post","type-post","status-publish","format-standard","has-post-thumbnail","hentry","category-portada"],"post_mailing_queue_ids":[],"_links":{"self":[{"href":"https:\/\/agora.xtec.cat\/ies-viladecavalls\/wp-json\/wp\/v2\/posts\/9956","targetHints":{"allow":["GET"]}}],"collection":[{"href":"https:\/\/agora.xtec.cat\/ies-viladecavalls\/wp-json\/wp\/v2\/posts"}],"about":[{"href":"https:\/\/agora.xtec.cat\/ies-viladecavalls\/wp-json\/wp\/v2\/types\/post"}],"author":[{"embeddable":true,"href":"https:\/\/agora.xtec.cat\/ies-viladecavalls\/wp-json\/wp\/v2\/users\/1"}],"replies":[{"embeddable":true,"href":"https:\/\/agora.xtec.cat\/ies-viladecavalls\/wp-json\/wp\/v2\/comments?post=9956"}],"version-history":[{"count":2,"href":"https:\/\/agora.xtec.cat\/ies-viladecavalls\/wp-json\/wp\/v2\/posts\/9956\/revisions"}],"predecessor-version":[{"id":9964,"href":"https:\/\/agora.xtec.cat\/ies-viladecavalls\/wp-json\/wp\/v2\/posts\/9956\/revisions\/9964"}],"wp:featuredmedia":[{"embeddable":true,"href":"https:\/\/agora.xtec.cat\/ies-viladecavalls\/wp-json\/wp\/v2\/media\/9962"}],"wp:attachment":[{"href":"https:\/\/agora.xtec.cat\/ies-viladecavalls\/wp-json\/wp\/v2\/media?parent=9956"}],"wp:term":[{"taxonomy":"category","embeddable":true,"href":"https:\/\/agora.xtec.cat\/ies-viladecavalls\/wp-json\/wp\/v2\/categories?post=9956"},{"taxonomy":"post_tag","embeddable":true,"href":"https:\/\/agora.xtec.cat\/ies-viladecavalls\/wp-json\/wp\/v2\/tags?post=9956"}],"curies":[{"name":"wp","href":"https:\/\/api.w.org\/{rel}","templated":true}]}}