{"id":9925,"date":"2019-05-13T10:34:10","date_gmt":"2019-05-13T08:34:10","guid":{"rendered":"http:\/\/agora.xtec.cat\/ies-viladecavalls\/?p=9925"},"modified":"2019-05-15T10:22:47","modified_gmt":"2019-05-15T08:22:47","slug":"com-sona-leso-2019","status":"publish","type":"post","link":"https:\/\/agora.xtec.cat\/ies-viladecavalls\/portada\/com-sona-leso-2019\/","title":{"rendered":"Com sona l&#8217;ESO 2019"},"content":{"rendered":"<p>El projecte Com Sona l\u2019ESO ha tingut lloc enguany a Castalla (Alacant). Els seus protagonistes s\u00f3n els alumnes de secund\u00e0ria que participen en aquesta XX edici\u00f3. La cita aplega m\u00e9s de 1.300 alumnes i dos-cents professors durant tres dies, i conclou amb l\u2019estrena de l\u2019espectacle musical Seients buits.<\/p>\n<p>A l\u2019INS Viladecavalls fa 11 edicions que hi participem, en aquesta ocasi\u00f3 hem participat 19 alumnes de 1r, 2n, 3r i 4t d\u2019ESO.<\/p>\n<p>Com cada any felicitem al nostre alumnat. Ha estat una trobada memorable i el comportament i implicaci\u00f3 de tots, fant\u00e0stic!!!<\/p>\n<p><iframe loading=\"lazy\" src=\"https:\/\/www.youtube.com\/embed\/nslAQhbs5Jo\" width=\"560\" height=\"315\" frameborder=\"0\" allowfullscreen=\"allowfullscreen\"><\/iframe><\/p>\n<p><img loading=\"lazy\" decoding=\"async\" class=\"alignnone size-full wp-image-9926\" src=\"https:\/\/agora.xtec.cat\/ies-viladecavalls\/wp-content\/uploads\/usu1438\/2019\/05\/cse1.jpg\" alt=\"\" width=\"669\" height=\"503\" srcset=\"https:\/\/agora.xtec.cat\/ies-viladecavalls\/wp-content\/uploads\/usu1438\/2019\/05\/cse1.jpg 669w, https:\/\/agora.xtec.cat\/ies-viladecavalls\/wp-content\/uploads\/usu1438\/2019\/05\/cse1-300x226.jpg 300w, https:\/\/agora.xtec.cat\/ies-viladecavalls\/wp-content\/uploads\/usu1438\/2019\/05\/cse1-200x150.jpg 200w\" sizes=\"auto, (max-width: 669px) 100vw, 669px\" \/> <img loading=\"lazy\" decoding=\"async\" class=\"alignnone size-large wp-image-9927\" src=\"https:\/\/agora.xtec.cat\/ies-viladecavalls\/wp-content\/uploads\/usu1438\/2019\/05\/cse2.jpg\" alt=\"\" width=\"735\" height=\"470\" srcset=\"https:\/\/agora.xtec.cat\/ies-viladecavalls\/wp-content\/uploads\/usu1438\/2019\/05\/cse2.jpg 735w, https:\/\/agora.xtec.cat\/ies-viladecavalls\/wp-content\/uploads\/usu1438\/2019\/05\/cse2-300x192.jpg 300w\" sizes=\"auto, (max-width: 735px) 100vw, 735px\" \/> <img loading=\"lazy\" decoding=\"async\" class=\"alignnone size-large wp-image-9928\" src=\"https:\/\/agora.xtec.cat\/ies-viladecavalls\/wp-content\/uploads\/usu1438\/2019\/05\/cse3.jpg\" alt=\"\" width=\"759\" height=\"496\" srcset=\"https:\/\/agora.xtec.cat\/ies-viladecavalls\/wp-content\/uploads\/usu1438\/2019\/05\/cse3.jpg 759w, https:\/\/agora.xtec.cat\/ies-viladecavalls\/wp-content\/uploads\/usu1438\/2019\/05\/cse3-300x196.jpg 300w\" sizes=\"auto, (max-width: 759px) 100vw, 759px\" \/><\/p>\n","protected":false},"excerpt":{"rendered":"<p>El projecte Com Sona l\u2019ESO ha tingut lloc enguany a Castalla (Alacant). Els seus protagonistes s\u00f3n els alumnes de secund\u00e0ria que participen en aquesta XX edici\u00f3. La cita aplega m\u00e9s de 1.300 alumnes i dos-cents professors durant tres dies, i conclou amb l\u2019estrena de l\u2019espectacle&hellip;  <a href=\"https:\/\/agora.xtec.cat\/ies-viladecavalls\/portada\/com-sona-leso-2019\/\" title=\"Read Com sona l&#8217;ESO 2019\">Llegeix m\u00e9s\u00bb<\/a><\/p>\n","protected":false},"author":1,"featured_media":9926,"comment_status":"open","ping_status":"closed","sticky":false,"template":"","format":"standard","meta":{"_bbp_topic_count":0,"_bbp_reply_count":0,"_bbp_total_topic_count":0,"_bbp_total_reply_count":0,"_bbp_voice_count":0,"_bbp_anonymous_reply_count":0,"_bbp_topic_count_hidden":0,"_bbp_reply_count_hidden":0,"_bbp_forum_subforum_count":0,"footnotes":""},"categories":[29],"tags":[],"class_list":["post-9925","post","type-post","status-publish","format-standard","has-post-thumbnail","hentry","category-portada"],"post_mailing_queue_ids":[],"_links":{"self":[{"href":"https:\/\/agora.xtec.cat\/ies-viladecavalls\/wp-json\/wp\/v2\/posts\/9925","targetHints":{"allow":["GET"]}}],"collection":[{"href":"https:\/\/agora.xtec.cat\/ies-viladecavalls\/wp-json\/wp\/v2\/posts"}],"about":[{"href":"https:\/\/agora.xtec.cat\/ies-viladecavalls\/wp-json\/wp\/v2\/types\/post"}],"author":[{"embeddable":true,"href":"https:\/\/agora.xtec.cat\/ies-viladecavalls\/wp-json\/wp\/v2\/users\/1"}],"replies":[{"embeddable":true,"href":"https:\/\/agora.xtec.cat\/ies-viladecavalls\/wp-json\/wp\/v2\/comments?post=9925"}],"version-history":[{"count":1,"href":"https:\/\/agora.xtec.cat\/ies-viladecavalls\/wp-json\/wp\/v2\/posts\/9925\/revisions"}],"predecessor-version":[{"id":9929,"href":"https:\/\/agora.xtec.cat\/ies-viladecavalls\/wp-json\/wp\/v2\/posts\/9925\/revisions\/9929"}],"wp:featuredmedia":[{"embeddable":true,"href":"https:\/\/agora.xtec.cat\/ies-viladecavalls\/wp-json\/wp\/v2\/media\/9926"}],"wp:attachment":[{"href":"https:\/\/agora.xtec.cat\/ies-viladecavalls\/wp-json\/wp\/v2\/media?parent=9925"}],"wp:term":[{"taxonomy":"category","embeddable":true,"href":"https:\/\/agora.xtec.cat\/ies-viladecavalls\/wp-json\/wp\/v2\/categories?post=9925"},{"taxonomy":"post_tag","embeddable":true,"href":"https:\/\/agora.xtec.cat\/ies-viladecavalls\/wp-json\/wp\/v2\/tags?post=9925"}],"curies":[{"name":"wp","href":"https:\/\/api.w.org\/{rel}","templated":true}]}}