{"id":9899,"date":"2019-04-24T16:07:17","date_gmt":"2019-04-24T14:07:17","guid":{"rendered":"http:\/\/agora.xtec.cat\/ies-viladecavalls\/?p=9899"},"modified":"2019-04-24T16:07:17","modified_gmt":"2019-04-24T14:07:17","slug":"ruta-del-quijote","status":"publish","type":"post","link":"https:\/\/agora.xtec.cat\/ies-viladecavalls\/portada\/ruta-del-quijote\/","title":{"rendered":"Ruta del Quijote"},"content":{"rendered":"<p>Los alumnos de tercero han disfrutado de una ruta por Barcelona y han visitado los lugares por los que pas\u00f3 Cervantes y en los que se inspir\u00f3 para escribir la \u00faltima parte de su obra Don Quijote de la Mancha. Hemos visitados las atarazanas, la casa donde supuestamente vivi\u00f3 Cervantes durante su estancia en Barcelona, la iglesia de la Merc\u00e9 y el carrer Ample donde han podido ver el balc\u00f3n de la casa de Antonio Moreno, personaje que acoge al Quijote durante su estancia en Barcelona. Finalmente, hemos terminado la visita en la calle &#8220;Perot lo lladre&#8221;, donde se escondi\u00f3 el famoso bandolero Roque Guinard.<\/p>\n<p><img loading=\"lazy\" decoding=\"async\" class=\"alignnone size-full wp-image-9900\" src=\"https:\/\/agora.xtec.cat\/ies-viladecavalls\/wp-content\/uploads\/usu1438\/2019\/04\/quijote1.jpg\" alt=\"\" width=\"867\" height=\"495\" srcset=\"https:\/\/agora.xtec.cat\/ies-viladecavalls\/wp-content\/uploads\/usu1438\/2019\/04\/quijote1.jpg 867w, https:\/\/agora.xtec.cat\/ies-viladecavalls\/wp-content\/uploads\/usu1438\/2019\/04\/quijote1-300x171.jpg 300w, https:\/\/agora.xtec.cat\/ies-viladecavalls\/wp-content\/uploads\/usu1438\/2019\/04\/quijote1-768x438.jpg 768w\" sizes=\"auto, (max-width: 867px) 100vw, 867px\" \/><\/p>\n","protected":false},"excerpt":{"rendered":"<p>Los alumnos de tercero han disfrutado de una ruta por Barcelona y han visitado los lugares por los que pas\u00f3 Cervantes y en los que se inspir\u00f3 para escribir la \u00faltima parte de su obra Don Quijote de la Mancha. Hemos visitados las atarazanas, la&hellip;  <a href=\"https:\/\/agora.xtec.cat\/ies-viladecavalls\/portada\/ruta-del-quijote\/\" title=\"Read Ruta del Quijote\">Llegeix m\u00e9s\u00bb<\/a><\/p>\n","protected":false},"author":1,"featured_media":9900,"comment_status":"open","ping_status":"closed","sticky":false,"template":"","format":"standard","meta":{"_bbp_topic_count":0,"_bbp_reply_count":0,"_bbp_total_topic_count":0,"_bbp_total_reply_count":0,"_bbp_voice_count":0,"_bbp_anonymous_reply_count":0,"_bbp_topic_count_hidden":0,"_bbp_reply_count_hidden":0,"_bbp_forum_subforum_count":0,"footnotes":""},"categories":[29],"tags":[],"class_list":["post-9899","post","type-post","status-publish","format-standard","has-post-thumbnail","hentry","category-portada"],"post_mailing_queue_ids":[],"_links":{"self":[{"href":"https:\/\/agora.xtec.cat\/ies-viladecavalls\/wp-json\/wp\/v2\/posts\/9899","targetHints":{"allow":["GET"]}}],"collection":[{"href":"https:\/\/agora.xtec.cat\/ies-viladecavalls\/wp-json\/wp\/v2\/posts"}],"about":[{"href":"https:\/\/agora.xtec.cat\/ies-viladecavalls\/wp-json\/wp\/v2\/types\/post"}],"author":[{"embeddable":true,"href":"https:\/\/agora.xtec.cat\/ies-viladecavalls\/wp-json\/wp\/v2\/users\/1"}],"replies":[{"embeddable":true,"href":"https:\/\/agora.xtec.cat\/ies-viladecavalls\/wp-json\/wp\/v2\/comments?post=9899"}],"version-history":[{"count":1,"href":"https:\/\/agora.xtec.cat\/ies-viladecavalls\/wp-json\/wp\/v2\/posts\/9899\/revisions"}],"predecessor-version":[{"id":9901,"href":"https:\/\/agora.xtec.cat\/ies-viladecavalls\/wp-json\/wp\/v2\/posts\/9899\/revisions\/9901"}],"wp:featuredmedia":[{"embeddable":true,"href":"https:\/\/agora.xtec.cat\/ies-viladecavalls\/wp-json\/wp\/v2\/media\/9900"}],"wp:attachment":[{"href":"https:\/\/agora.xtec.cat\/ies-viladecavalls\/wp-json\/wp\/v2\/media?parent=9899"}],"wp:term":[{"taxonomy":"category","embeddable":true,"href":"https:\/\/agora.xtec.cat\/ies-viladecavalls\/wp-json\/wp\/v2\/categories?post=9899"},{"taxonomy":"post_tag","embeddable":true,"href":"https:\/\/agora.xtec.cat\/ies-viladecavalls\/wp-json\/wp\/v2\/tags?post=9899"}],"curies":[{"name":"wp","href":"https:\/\/api.w.org\/{rel}","templated":true}]}}