{"id":9873,"date":"2019-04-08T08:43:20","date_gmt":"2019-04-08T06:43:20","guid":{"rendered":"http:\/\/agora.xtec.cat\/ies-viladecavalls\/?p=9873"},"modified":"2019-04-08T08:43:20","modified_gmt":"2019-04-08T06:43:20","slug":"teatre-llati","status":"publish","type":"post","link":"https:\/\/agora.xtec.cat\/ies-viladecavalls\/portada\/teatre-llati\/","title":{"rendered":"Teatre llat\u00ed"},"content":{"rendered":"<p>Els alumnes de 4t de Llat\u00ed i 1r batxillerat human\u00edstic han anat al Teatre Joventut de l&#8217;Hospitalet de Llobregat a veure l&#8217;obra Mostellaria de Plaute, representada pels alumnes de cl\u00e0ssiques de l&#8217;IES Pedro de Luna de Saragossa.<\/p>\n<p><img loading=\"lazy\" decoding=\"async\" class=\"alignnone size-full wp-image-9874\" src=\"https:\/\/agora.xtec.cat\/ies-viladecavalls\/wp-content\/uploads\/usu1438\/2019\/04\/teatre-llat\u00ed.jpg\" alt=\"\" width=\"911\" height=\"649\" srcset=\"https:\/\/agora.xtec.cat\/ies-viladecavalls\/wp-content\/uploads\/usu1438\/2019\/04\/teatre-llat\u00ed.jpg 911w, https:\/\/agora.xtec.cat\/ies-viladecavalls\/wp-content\/uploads\/usu1438\/2019\/04\/teatre-llat\u00ed-300x214.jpg 300w, https:\/\/agora.xtec.cat\/ies-viladecavalls\/wp-content\/uploads\/usu1438\/2019\/04\/teatre-llat\u00ed-768x547.jpg 768w\" sizes=\"auto, (max-width: 911px) 100vw, 911px\" \/><\/p>\n","protected":false},"excerpt":{"rendered":"<p>Els alumnes de 4t de Llat\u00ed i 1r batxillerat human\u00edstic han anat al Teatre Joventut de l&#8217;Hospitalet de Llobregat a veure l&#8217;obra Mostellaria de Plaute, representada pels alumnes de cl\u00e0ssiques de l&#8217;IES Pedro de Luna de Saragossa.<\/p>\n","protected":false},"author":1,"featured_media":9874,"comment_status":"open","ping_status":"closed","sticky":false,"template":"","format":"standard","meta":{"_bbp_topic_count":0,"_bbp_reply_count":0,"_bbp_total_topic_count":0,"_bbp_total_reply_count":0,"_bbp_voice_count":0,"_bbp_anonymous_reply_count":0,"_bbp_topic_count_hidden":0,"_bbp_reply_count_hidden":0,"_bbp_forum_subforum_count":0,"footnotes":""},"categories":[29],"tags":[],"class_list":["post-9873","post","type-post","status-publish","format-standard","has-post-thumbnail","hentry","category-portada"],"post_mailing_queue_ids":[],"_links":{"self":[{"href":"https:\/\/agora.xtec.cat\/ies-viladecavalls\/wp-json\/wp\/v2\/posts\/9873","targetHints":{"allow":["GET"]}}],"collection":[{"href":"https:\/\/agora.xtec.cat\/ies-viladecavalls\/wp-json\/wp\/v2\/posts"}],"about":[{"href":"https:\/\/agora.xtec.cat\/ies-viladecavalls\/wp-json\/wp\/v2\/types\/post"}],"author":[{"embeddable":true,"href":"https:\/\/agora.xtec.cat\/ies-viladecavalls\/wp-json\/wp\/v2\/users\/1"}],"replies":[{"embeddable":true,"href":"https:\/\/agora.xtec.cat\/ies-viladecavalls\/wp-json\/wp\/v2\/comments?post=9873"}],"version-history":[{"count":1,"href":"https:\/\/agora.xtec.cat\/ies-viladecavalls\/wp-json\/wp\/v2\/posts\/9873\/revisions"}],"predecessor-version":[{"id":9875,"href":"https:\/\/agora.xtec.cat\/ies-viladecavalls\/wp-json\/wp\/v2\/posts\/9873\/revisions\/9875"}],"wp:featuredmedia":[{"embeddable":true,"href":"https:\/\/agora.xtec.cat\/ies-viladecavalls\/wp-json\/wp\/v2\/media\/9874"}],"wp:attachment":[{"href":"https:\/\/agora.xtec.cat\/ies-viladecavalls\/wp-json\/wp\/v2\/media?parent=9873"}],"wp:term":[{"taxonomy":"category","embeddable":true,"href":"https:\/\/agora.xtec.cat\/ies-viladecavalls\/wp-json\/wp\/v2\/categories?post=9873"},{"taxonomy":"post_tag","embeddable":true,"href":"https:\/\/agora.xtec.cat\/ies-viladecavalls\/wp-json\/wp\/v2\/tags?post=9873"}],"curies":[{"name":"wp","href":"https:\/\/api.w.org\/{rel}","templated":true}]}}