{"id":9722,"date":"2018-12-04T11:07:24","date_gmt":"2018-12-04T10:07:24","guid":{"rendered":"http:\/\/agora.xtec.cat\/ies-viladecavalls\/?p=9722"},"modified":"2018-12-04T13:01:17","modified_gmt":"2018-12-04T12:01:17","slug":"projecte-educatiu-en-commemoracio-de-les-victimes-de-lholocaust","status":"publish","type":"post","link":"https:\/\/agora.xtec.cat\/ies-viladecavalls\/general\/projecte-educatiu-en-commemoracio-de-les-victimes-de-lholocaust\/","title":{"rendered":"Projecte educatiu en commemoraci\u00f3 de les v\u00edctimes de l&#8217;Holocaust"},"content":{"rendered":"<p>L&#8217;alumnat de 1r de Batxillerat que cursa la mat\u00e8ria d&#8217;Hist\u00f2ria del M\u00f3n Contemporani, va participar a l&#8217;activitat organitzada pels serveis educatius del Parlament de Catalunya dins del projecte en commemoraci\u00f3 de les v\u00edctimes de l&#8217;Holocaust. L&#8217;activitat va consistir en una confer\u00e8ncia a c\u00e0rrec de la doctora Marta Sim\u00f3 i S\u00e1nchez, una trobada entre els estudiants i representants de les entitats que representen el col\u00b7lectiu jueu a Barcelona als quals varen poder fer preguntes. En acabar, varen poder visitar el Sal\u00f3 de Sessions del Parlament.<\/p>\n<p><img loading=\"lazy\" decoding=\"async\" class=\"alignnone size-full wp-image-9725\" src=\"https:\/\/agora.xtec.cat\/ies-viladecavalls\/wp-content\/uploads\/usu1438\/2018\/12\/parlament1.jpg\" alt=\"\" width=\"679\" height=\"659\" srcset=\"https:\/\/agora.xtec.cat\/ies-viladecavalls\/wp-content\/uploads\/usu1438\/2018\/12\/parlament1.jpg 679w, https:\/\/agora.xtec.cat\/ies-viladecavalls\/wp-content\/uploads\/usu1438\/2018\/12\/parlament1-300x291.jpg 300w\" sizes=\"auto, (max-width: 679px) 100vw, 679px\" \/> <img loading=\"lazy\" decoding=\"async\" class=\"alignnone size-full wp-image-9726\" src=\"https:\/\/agora.xtec.cat\/ies-viladecavalls\/wp-content\/uploads\/usu1438\/2018\/12\/parlament2.jpg\" alt=\"\" width=\"741\" height=\"722\" srcset=\"https:\/\/agora.xtec.cat\/ies-viladecavalls\/wp-content\/uploads\/usu1438\/2018\/12\/parlament2.jpg 741w, https:\/\/agora.xtec.cat\/ies-viladecavalls\/wp-content\/uploads\/usu1438\/2018\/12\/parlament2-300x292.jpg 300w\" sizes=\"auto, (max-width: 741px) 100vw, 741px\" \/> <img loading=\"lazy\" decoding=\"async\" class=\"alignnone size-full wp-image-9727\" src=\"https:\/\/agora.xtec.cat\/ies-viladecavalls\/wp-content\/uploads\/usu1438\/2018\/12\/parlament3.jpg\" alt=\"\" width=\"774\" height=\"639\" srcset=\"https:\/\/agora.xtec.cat\/ies-viladecavalls\/wp-content\/uploads\/usu1438\/2018\/12\/parlament3.jpg 774w, https:\/\/agora.xtec.cat\/ies-viladecavalls\/wp-content\/uploads\/usu1438\/2018\/12\/parlament3-300x248.jpg 300w, https:\/\/agora.xtec.cat\/ies-viladecavalls\/wp-content\/uploads\/usu1438\/2018\/12\/parlament3-768x634.jpg 768w\" sizes=\"auto, (max-width: 774px) 100vw, 774px\" \/> <img loading=\"lazy\" decoding=\"async\" class=\"alignnone size-full wp-image-9728\" src=\"https:\/\/agora.xtec.cat\/ies-viladecavalls\/wp-content\/uploads\/usu1438\/2018\/12\/parlament4.jpg\" alt=\"\" width=\"779\" height=\"450\" srcset=\"https:\/\/agora.xtec.cat\/ies-viladecavalls\/wp-content\/uploads\/usu1438\/2018\/12\/parlament4.jpg 779w, https:\/\/agora.xtec.cat\/ies-viladecavalls\/wp-content\/uploads\/usu1438\/2018\/12\/parlament4-300x173.jpg 300w, https:\/\/agora.xtec.cat\/ies-viladecavalls\/wp-content\/uploads\/usu1438\/2018\/12\/parlament4-768x444.jpg 768w\" sizes=\"auto, (max-width: 779px) 100vw, 779px\" \/><\/p>\n<p>&nbsp;<\/p>\n","protected":false},"excerpt":{"rendered":"<p>L&#8217;alumnat de 1r de Batxillerat que cursa la mat\u00e8ria d&#8217;Hist\u00f2ria del M\u00f3n Contemporani, va participar a l&#8217;activitat organitzada pels serveis educatius del Parlament de Catalunya dins del projecte en commemoraci\u00f3 de les v\u00edctimes de l&#8217;Holocaust. L&#8217;activitat va consistir en una confer\u00e8ncia a c\u00e0rrec de la&hellip;  <a href=\"https:\/\/agora.xtec.cat\/ies-viladecavalls\/general\/projecte-educatiu-en-commemoracio-de-les-victimes-de-lholocaust\/\" title=\"Read Projecte educatiu en commemoraci\u00f3 de les v\u00edctimes de l&#8217;Holocaust\">Llegeix m\u00e9s\u00bb<\/a><\/p>\n","protected":false},"author":1,"featured_media":9726,"comment_status":"open","ping_status":"closed","sticky":false,"template":"","format":"standard","meta":{"_bbp_topic_count":0,"_bbp_reply_count":0,"_bbp_total_topic_count":0,"_bbp_total_reply_count":0,"_bbp_voice_count":0,"_bbp_anonymous_reply_count":0,"_bbp_topic_count_hidden":0,"_bbp_reply_count_hidden":0,"_bbp_forum_subforum_count":0,"footnotes":""},"categories":[1,29],"tags":[],"class_list":["post-9722","post","type-post","status-publish","format-standard","has-post-thumbnail","hentry","category-general","category-portada"],"post_mailing_queue_ids":[],"_links":{"self":[{"href":"https:\/\/agora.xtec.cat\/ies-viladecavalls\/wp-json\/wp\/v2\/posts\/9722","targetHints":{"allow":["GET"]}}],"collection":[{"href":"https:\/\/agora.xtec.cat\/ies-viladecavalls\/wp-json\/wp\/v2\/posts"}],"about":[{"href":"https:\/\/agora.xtec.cat\/ies-viladecavalls\/wp-json\/wp\/v2\/types\/post"}],"author":[{"embeddable":true,"href":"https:\/\/agora.xtec.cat\/ies-viladecavalls\/wp-json\/wp\/v2\/users\/1"}],"replies":[{"embeddable":true,"href":"https:\/\/agora.xtec.cat\/ies-viladecavalls\/wp-json\/wp\/v2\/comments?post=9722"}],"version-history":[{"count":3,"href":"https:\/\/agora.xtec.cat\/ies-viladecavalls\/wp-json\/wp\/v2\/posts\/9722\/revisions"}],"predecessor-version":[{"id":9731,"href":"https:\/\/agora.xtec.cat\/ies-viladecavalls\/wp-json\/wp\/v2\/posts\/9722\/revisions\/9731"}],"wp:featuredmedia":[{"embeddable":true,"href":"https:\/\/agora.xtec.cat\/ies-viladecavalls\/wp-json\/wp\/v2\/media\/9726"}],"wp:attachment":[{"href":"https:\/\/agora.xtec.cat\/ies-viladecavalls\/wp-json\/wp\/v2\/media?parent=9722"}],"wp:term":[{"taxonomy":"category","embeddable":true,"href":"https:\/\/agora.xtec.cat\/ies-viladecavalls\/wp-json\/wp\/v2\/categories?post=9722"},{"taxonomy":"post_tag","embeddable":true,"href":"https:\/\/agora.xtec.cat\/ies-viladecavalls\/wp-json\/wp\/v2\/tags?post=9722"}],"curies":[{"name":"wp","href":"https:\/\/api.w.org\/{rel}","templated":true}]}}