{"id":9705,"date":"2018-12-01T19:10:01","date_gmt":"2018-12-01T18:10:01","guid":{"rendered":"http:\/\/agora.xtec.cat\/ies-viladecavalls\/?p=9705"},"modified":"2018-12-01T19:10:01","modified_gmt":"2018-12-01T18:10:01","slug":"activitats-de-cohesio-de-grup-a-primer-deso","status":"publish","type":"post","link":"https:\/\/agora.xtec.cat\/ies-viladecavalls\/eso\/activitats-de-cohesio-de-grup-a-primer-deso\/","title":{"rendered":"Activitats de cohesi\u00f3 de grup a primer d&#8217;ESO."},"content":{"rendered":"<p>El passat dimecres 21 de novembre els alumnes de 1r d&#8217;ESO van fer una sortida per realitzar activitats de cohesi\u00f3 de grup. Aquestes activitats estan pensades per establir vincles entre companyes i companys a trav\u00e9s de din\u00e0miques de grup i de jocs.<\/p>\n<p><img loading=\"lazy\" decoding=\"async\" class=\"alignnone size-full wp-image-9706\" src=\"https:\/\/agora.xtec.cat\/ies-viladecavalls\/wp-content\/uploads\/usu1438\/2018\/12\/Primer1.jpg\" alt=\"\" width=\"932\" height=\"517\" srcset=\"https:\/\/agora.xtec.cat\/ies-viladecavalls\/wp-content\/uploads\/usu1438\/2018\/12\/Primer1.jpg 932w, https:\/\/agora.xtec.cat\/ies-viladecavalls\/wp-content\/uploads\/usu1438\/2018\/12\/Primer1-300x166.jpg 300w, https:\/\/agora.xtec.cat\/ies-viladecavalls\/wp-content\/uploads\/usu1438\/2018\/12\/Primer1-768x426.jpg 768w\" sizes=\"auto, (max-width: 932px) 100vw, 932px\" \/> <img loading=\"lazy\" decoding=\"async\" class=\"alignnone size-large wp-image-9707\" src=\"https:\/\/agora.xtec.cat\/ies-viladecavalls\/wp-content\/uploads\/usu1438\/2018\/12\/Primer2.jpg\" alt=\"\" width=\"929\" height=\"489\" srcset=\"https:\/\/agora.xtec.cat\/ies-viladecavalls\/wp-content\/uploads\/usu1438\/2018\/12\/Primer2.jpg 929w, https:\/\/agora.xtec.cat\/ies-viladecavalls\/wp-content\/uploads\/usu1438\/2018\/12\/Primer2-300x158.jpg 300w, https:\/\/agora.xtec.cat\/ies-viladecavalls\/wp-content\/uploads\/usu1438\/2018\/12\/Primer2-768x404.jpg 768w\" sizes=\"auto, (max-width: 929px) 100vw, 929px\" \/> <img loading=\"lazy\" decoding=\"async\" class=\"alignnone size-large wp-image-9708\" src=\"https:\/\/agora.xtec.cat\/ies-viladecavalls\/wp-content\/uploads\/usu1438\/2018\/12\/Primer3.jpg\" alt=\"\" width=\"928\" height=\"513\" srcset=\"https:\/\/agora.xtec.cat\/ies-viladecavalls\/wp-content\/uploads\/usu1438\/2018\/12\/Primer3.jpg 928w, https:\/\/agora.xtec.cat\/ies-viladecavalls\/wp-content\/uploads\/usu1438\/2018\/12\/Primer3-300x166.jpg 300w, https:\/\/agora.xtec.cat\/ies-viladecavalls\/wp-content\/uploads\/usu1438\/2018\/12\/Primer3-768x425.jpg 768w\" sizes=\"auto, (max-width: 928px) 100vw, 928px\" \/> <img loading=\"lazy\" decoding=\"async\" class=\"alignnone size-large wp-image-9709\" src=\"https:\/\/agora.xtec.cat\/ies-viladecavalls\/wp-content\/uploads\/usu1438\/2018\/12\/Primer4.jpg\" alt=\"\" width=\"931\" height=\"511\" srcset=\"https:\/\/agora.xtec.cat\/ies-viladecavalls\/wp-content\/uploads\/usu1438\/2018\/12\/Primer4.jpg 931w, https:\/\/agora.xtec.cat\/ies-viladecavalls\/wp-content\/uploads\/usu1438\/2018\/12\/Primer4-300x165.jpg 300w, https:\/\/agora.xtec.cat\/ies-viladecavalls\/wp-content\/uploads\/usu1438\/2018\/12\/Primer4-768x422.jpg 768w\" sizes=\"auto, (max-width: 931px) 100vw, 931px\" \/> <img loading=\"lazy\" decoding=\"async\" class=\"alignnone size-large wp-image-9711\" src=\"https:\/\/agora.xtec.cat\/ies-viladecavalls\/wp-content\/uploads\/usu1438\/2018\/12\/Primer6.jpg\" alt=\"\" width=\"681\" height=\"487\" srcset=\"https:\/\/agora.xtec.cat\/ies-viladecavalls\/wp-content\/uploads\/usu1438\/2018\/12\/Primer6.jpg 681w, https:\/\/agora.xtec.cat\/ies-viladecavalls\/wp-content\/uploads\/usu1438\/2018\/12\/Primer6-300x215.jpg 300w\" sizes=\"auto, (max-width: 681px) 100vw, 681px\" \/> <img loading=\"lazy\" decoding=\"async\" class=\"alignnone size-large wp-image-9712\" src=\"https:\/\/agora.xtec.cat\/ies-viladecavalls\/wp-content\/uploads\/usu1438\/2018\/12\/Primer7.jpg\" alt=\"\" width=\"689\" height=\"499\" srcset=\"https:\/\/agora.xtec.cat\/ies-viladecavalls\/wp-content\/uploads\/usu1438\/2018\/12\/Primer7.jpg 689w, https:\/\/agora.xtec.cat\/ies-viladecavalls\/wp-content\/uploads\/usu1438\/2018\/12\/Primer7-300x217.jpg 300w\" sizes=\"auto, (max-width: 689px) 100vw, 689px\" \/> <img loading=\"lazy\" decoding=\"async\" class=\"alignnone size-large wp-image-9713\" src=\"https:\/\/agora.xtec.cat\/ies-viladecavalls\/wp-content\/uploads\/usu1438\/2018\/12\/Primer8.jpg\" alt=\"\" width=\"690\" height=\"499\" srcset=\"https:\/\/agora.xtec.cat\/ies-viladecavalls\/wp-content\/uploads\/usu1438\/2018\/12\/Primer8.jpg 690w, https:\/\/agora.xtec.cat\/ies-viladecavalls\/wp-content\/uploads\/usu1438\/2018\/12\/Primer8-300x217.jpg 300w\" sizes=\"auto, (max-width: 690px) 100vw, 690px\" \/> <img loading=\"lazy\" decoding=\"async\" class=\"alignnone size-large wp-image-9714\" src=\"https:\/\/agora.xtec.cat\/ies-viladecavalls\/wp-content\/uploads\/usu1438\/2018\/12\/Primer9.jpg\" alt=\"\" width=\"688\" height=\"499\" srcset=\"https:\/\/agora.xtec.cat\/ies-viladecavalls\/wp-content\/uploads\/usu1438\/2018\/12\/Primer9.jpg 688w, https:\/\/agora.xtec.cat\/ies-viladecavalls\/wp-content\/uploads\/usu1438\/2018\/12\/Primer9-300x218.jpg 300w\" sizes=\"auto, (max-width: 688px) 100vw, 688px\" \/> <img loading=\"lazy\" decoding=\"async\" class=\"alignnone size-large wp-image-9715\" src=\"https:\/\/agora.xtec.cat\/ies-viladecavalls\/wp-content\/uploads\/usu1438\/2018\/12\/Primer10.jpg\" alt=\"\" width=\"687\" height=\"483\" srcset=\"https:\/\/agora.xtec.cat\/ies-viladecavalls\/wp-content\/uploads\/usu1438\/2018\/12\/Primer10.jpg 687w, https:\/\/agora.xtec.cat\/ies-viladecavalls\/wp-content\/uploads\/usu1438\/2018\/12\/Primer10-300x211.jpg 300w\" sizes=\"auto, (max-width: 687px) 100vw, 687px\" \/> <img loading=\"lazy\" decoding=\"async\" class=\"alignnone size-large wp-image-9716\" src=\"https:\/\/agora.xtec.cat\/ies-viladecavalls\/wp-content\/uploads\/usu1438\/2018\/12\/Primer11.jpg\" alt=\"\" width=\"681\" height=\"467\" srcset=\"https:\/\/agora.xtec.cat\/ies-viladecavalls\/wp-content\/uploads\/usu1438\/2018\/12\/Primer11.jpg 681w, https:\/\/agora.xtec.cat\/ies-viladecavalls\/wp-content\/uploads\/usu1438\/2018\/12\/Primer11-300x206.jpg 300w\" sizes=\"auto, (max-width: 681px) 100vw, 681px\" \/> <img loading=\"lazy\" decoding=\"async\" class=\"alignnone size-large wp-image-9717\" src=\"https:\/\/agora.xtec.cat\/ies-viladecavalls\/wp-content\/uploads\/usu1438\/2018\/12\/Primer12.jpg\" alt=\"\" width=\"686\" height=\"466\" srcset=\"https:\/\/agora.xtec.cat\/ies-viladecavalls\/wp-content\/uploads\/usu1438\/2018\/12\/Primer12.jpg 686w, https:\/\/agora.xtec.cat\/ies-viladecavalls\/wp-content\/uploads\/usu1438\/2018\/12\/Primer12-300x204.jpg 300w\" sizes=\"auto, (max-width: 686px) 100vw, 686px\" \/><\/p>\n","protected":false},"excerpt":{"rendered":"<p>El passat dimecres 21 de novembre els alumnes de 1r d&#8217;ESO van fer una sortida per realitzar activitats de cohesi\u00f3 de grup. Aquestes activitats estan pensades per establir vincles entre companyes i companys a trav\u00e9s de din\u00e0miques de grup i de jocs.<br \/>\n   &hellip;  <a href=\"https:\/\/agora.xtec.cat\/ies-viladecavalls\/eso\/activitats-de-cohesio-de-grup-a-primer-deso\/\" title=\"Read Activitats de cohesi\u00f3 de grup a primer d&#8217;ESO.\">Llegeix m\u00e9s\u00bb<\/a><\/p>\n","protected":false},"author":1,"featured_media":9711,"comment_status":"open","ping_status":"closed","sticky":false,"template":"","format":"standard","meta":{"_bbp_topic_count":0,"_bbp_reply_count":0,"_bbp_total_topic_count":0,"_bbp_total_reply_count":0,"_bbp_voice_count":0,"_bbp_anonymous_reply_count":0,"_bbp_topic_count_hidden":0,"_bbp_reply_count_hidden":0,"_bbp_forum_subforum_count":0,"footnotes":""},"categories":[3,29],"tags":[],"class_list":["post-9705","post","type-post","status-publish","format-standard","has-post-thumbnail","hentry","category-eso","category-portada"],"post_mailing_queue_ids":[],"_links":{"self":[{"href":"https:\/\/agora.xtec.cat\/ies-viladecavalls\/wp-json\/wp\/v2\/posts\/9705","targetHints":{"allow":["GET"]}}],"collection":[{"href":"https:\/\/agora.xtec.cat\/ies-viladecavalls\/wp-json\/wp\/v2\/posts"}],"about":[{"href":"https:\/\/agora.xtec.cat\/ies-viladecavalls\/wp-json\/wp\/v2\/types\/post"}],"author":[{"embeddable":true,"href":"https:\/\/agora.xtec.cat\/ies-viladecavalls\/wp-json\/wp\/v2\/users\/1"}],"replies":[{"embeddable":true,"href":"https:\/\/agora.xtec.cat\/ies-viladecavalls\/wp-json\/wp\/v2\/comments?post=9705"}],"version-history":[{"count":1,"href":"https:\/\/agora.xtec.cat\/ies-viladecavalls\/wp-json\/wp\/v2\/posts\/9705\/revisions"}],"predecessor-version":[{"id":9718,"href":"https:\/\/agora.xtec.cat\/ies-viladecavalls\/wp-json\/wp\/v2\/posts\/9705\/revisions\/9718"}],"wp:featuredmedia":[{"embeddable":true,"href":"https:\/\/agora.xtec.cat\/ies-viladecavalls\/wp-json\/wp\/v2\/media\/9711"}],"wp:attachment":[{"href":"https:\/\/agora.xtec.cat\/ies-viladecavalls\/wp-json\/wp\/v2\/media?parent=9705"}],"wp:term":[{"taxonomy":"category","embeddable":true,"href":"https:\/\/agora.xtec.cat\/ies-viladecavalls\/wp-json\/wp\/v2\/categories?post=9705"},{"taxonomy":"post_tag","embeddable":true,"href":"https:\/\/agora.xtec.cat\/ies-viladecavalls\/wp-json\/wp\/v2\/tags?post=9705"}],"curies":[{"name":"wp","href":"https:\/\/api.w.org\/{rel}","templated":true}]}}