{"id":9657,"date":"2018-11-06T23:21:37","date_gmt":"2018-11-06T22:21:37","guid":{"rendered":"http:\/\/agora.xtec.cat\/ies-viladecavalls\/?p=9657"},"modified":"2018-11-06T23:21:37","modified_gmt":"2018-11-06T22:21:37","slug":"taller-de-sabo-4ta","status":"publish","type":"post","link":"https:\/\/agora.xtec.cat\/ies-viladecavalls\/eso\/taller-de-sabo-4ta\/","title":{"rendered":"Taller de sab\u00f3  4tA"},"content":{"rendered":"<p>COM FER PASTILLES DE SAB\u00d3 AMB OLI USAT<\/p>\n<p>(Sab\u00f3 exclusiu per la roba) Ingredients: 0,5 l d\u2019oli usat 0,5 l d\u2019aigua 100 g de sosa c\u00e0ustica.<\/p>\n<ul>\n<li>PAS 1: Posar l\u2019aigua dins la galleda i, a continuaci\u00f3, afegir la sosa. Fer SEMPRE en aquest ordre. Remenar fins a dissoldre completament la sosa. ATENCI\u00d3! Fer aquesta barreja a l\u2019exterior o en un lloc ben ventilat, ja que es generen gasos que cal evitar respirar. Deixar refredar uns minuts la barreja.<\/li>\n<li>PAS 2: Comen\u00e7ar a remenar la barreja anterior, afegint l\u2019oli a poc a poc. \u00c9s important remenar la barreja amb un ritme en\u00e8rgic i constant, i SEMPRE en el mateix sentit de gir. Si es canvia el ritme o el sentit de gir, la barreja es pot \u201ctallar\u201d. Si es talla, comen\u00e7aran a apar\u00e8ixer petits grumolls.<\/li>\n<li>PAS 3: Un cop afegit tot l\u2019oli, continuar remenant fins que la barreja comenci a espessir. Un cop es nota aquest canvi, parar de remenar i posar la barreja als motlles. Abans d\u2019emmotllar es poden afegir olis essencials o colorants.<\/li>\n<li>PAS 4: En 1 o 2 dies, el sab\u00f3 comen\u00e7ar\u00e0 a endurir. Per\u00f2, caldr\u00e0 deixar-lo reposar durant 30 dies abans de la seva utilitzaci\u00f3, en un lloc sec i a l\u2019ombra.<\/li>\n<\/ul>\n<p><img loading=\"lazy\" decoding=\"async\" class=\"alignnone  wp-image-9658\" src=\"https:\/\/agora.xtec.cat\/ies-viladecavalls\/wp-content\/uploads\/usu1438\/2018\/11\/IMG-20181018-WA0011-Montse-Garrido-1024x768.jpg\" alt=\"\" width=\"553\" height=\"415\" srcset=\"https:\/\/agora.xtec.cat\/ies-viladecavalls\/wp-content\/uploads\/usu1438\/2018\/11\/IMG-20181018-WA0011-Montse-Garrido-1024x768.jpg 1024w, https:\/\/agora.xtec.cat\/ies-viladecavalls\/wp-content\/uploads\/usu1438\/2018\/11\/IMG-20181018-WA0011-Montse-Garrido-300x225.jpg 300w, https:\/\/agora.xtec.cat\/ies-viladecavalls\/wp-content\/uploads\/usu1438\/2018\/11\/IMG-20181018-WA0011-Montse-Garrido-768x576.jpg 768w, https:\/\/agora.xtec.cat\/ies-viladecavalls\/wp-content\/uploads\/usu1438\/2018\/11\/IMG-20181018-WA0011-Montse-Garrido-200x150.jpg 200w, https:\/\/agora.xtec.cat\/ies-viladecavalls\/wp-content\/uploads\/usu1438\/2018\/11\/IMG-20181018-WA0011-Montse-Garrido.jpg 1600w\" sizes=\"auto, (max-width: 553px) 100vw, 553px\" \/> <img loading=\"lazy\" decoding=\"async\" class=\"alignnone  wp-image-9659\" src=\"https:\/\/agora.xtec.cat\/ies-viladecavalls\/wp-content\/uploads\/usu1438\/2018\/11\/IMG-20181018-WA0009-Montse-Garrido-768x1024.jpg\" alt=\"\" width=\"555\" height=\"740\" srcset=\"https:\/\/agora.xtec.cat\/ies-viladecavalls\/wp-content\/uploads\/usu1438\/2018\/11\/IMG-20181018-WA0009-Montse-Garrido-768x1024.jpg 768w, https:\/\/agora.xtec.cat\/ies-viladecavalls\/wp-content\/uploads\/usu1438\/2018\/11\/IMG-20181018-WA0009-Montse-Garrido-225x300.jpg 225w, https:\/\/agora.xtec.cat\/ies-viladecavalls\/wp-content\/uploads\/usu1438\/2018\/11\/IMG-20181018-WA0009-Montse-Garrido.jpg 1200w\" sizes=\"auto, (max-width: 555px) 100vw, 555px\" \/> <img loading=\"lazy\" decoding=\"async\" class=\"alignnone  wp-image-9660\" src=\"https:\/\/agora.xtec.cat\/ies-viladecavalls\/wp-content\/uploads\/usu1438\/2018\/11\/IMG-20181018-WA0007-Montse-Garrido-1024x768.jpg\" alt=\"\" width=\"554\" height=\"416\" srcset=\"https:\/\/agora.xtec.cat\/ies-viladecavalls\/wp-content\/uploads\/usu1438\/2018\/11\/IMG-20181018-WA0007-Montse-Garrido-1024x768.jpg 1024w, https:\/\/agora.xtec.cat\/ies-viladecavalls\/wp-content\/uploads\/usu1438\/2018\/11\/IMG-20181018-WA0007-Montse-Garrido-300x225.jpg 300w, https:\/\/agora.xtec.cat\/ies-viladecavalls\/wp-content\/uploads\/usu1438\/2018\/11\/IMG-20181018-WA0007-Montse-Garrido-768x576.jpg 768w, https:\/\/agora.xtec.cat\/ies-viladecavalls\/wp-content\/uploads\/usu1438\/2018\/11\/IMG-20181018-WA0007-Montse-Garrido-200x150.jpg 200w, https:\/\/agora.xtec.cat\/ies-viladecavalls\/wp-content\/uploads\/usu1438\/2018\/11\/IMG-20181018-WA0007-Montse-Garrido.jpg 1600w\" sizes=\"auto, (max-width: 554px) 100vw, 554px\" \/> <img loading=\"lazy\" decoding=\"async\" class=\"alignnone  wp-image-9661\" src=\"https:\/\/agora.xtec.cat\/ies-viladecavalls\/wp-content\/uploads\/usu1438\/2018\/11\/IMG-20181018-WA0003-Montse-Garrido-1024x768.jpg\" alt=\"\" width=\"555\" height=\"416\" srcset=\"https:\/\/agora.xtec.cat\/ies-viladecavalls\/wp-content\/uploads\/usu1438\/2018\/11\/IMG-20181018-WA0003-Montse-Garrido-1024x768.jpg 1024w, https:\/\/agora.xtec.cat\/ies-viladecavalls\/wp-content\/uploads\/usu1438\/2018\/11\/IMG-20181018-WA0003-Montse-Garrido-300x225.jpg 300w, https:\/\/agora.xtec.cat\/ies-viladecavalls\/wp-content\/uploads\/usu1438\/2018\/11\/IMG-20181018-WA0003-Montse-Garrido-768x576.jpg 768w, https:\/\/agora.xtec.cat\/ies-viladecavalls\/wp-content\/uploads\/usu1438\/2018\/11\/IMG-20181018-WA0003-Montse-Garrido-200x150.jpg 200w, https:\/\/agora.xtec.cat\/ies-viladecavalls\/wp-content\/uploads\/usu1438\/2018\/11\/IMG-20181018-WA0003-Montse-Garrido.jpg 1600w\" sizes=\"auto, (max-width: 555px) 100vw, 555px\" \/><\/p>\n","protected":false},"excerpt":{"rendered":"<p>COM FER PASTILLES DE SAB\u00d3 AMB OLI USAT<br \/>\n(Sab\u00f3 exclusiu per la roba) Ingredients: 0,5 l d\u2019oli usat 0,5 l d\u2019aigua 100 g de sosa c\u00e0ustica.<\/p>\n<ul>\n<li>PAS 1: Posar l\u2019aigua dins la galleda i, a continuaci\u00f3, afegir la sosa. Fer SEMPRE en aquest ordre. Remenar fins a&hellip;  <a href=\"https:\/\/agora.xtec.cat\/ies-viladecavalls\/eso\/taller-de-sabo-4ta\/\" title=\"Read Taller de sab\u00f3  4tA\">Llegeix m\u00e9s\u00bb<\/a><br \/>\n","protected":false},"author":1,"featured_media":9660,"comment_status":"closed","ping_status":"closed","sticky":false,"template":"","format":"standard","meta":{"_bbp_topic_count":0,"_bbp_reply_count":0,"_bbp_total_topic_count":0,"_bbp_total_reply_count":0,"_bbp_voice_count":0,"_bbp_anonymous_reply_count":0,"_bbp_topic_count_hidden":0,"_bbp_reply_count_hidden":0,"_bbp_forum_subforum_count":0,"footnotes":""},"categories":[3,29],"tags":[],"class_list":["post-9657","post","type-post","status-publish","format-standard","has-post-thumbnail","hentry","category-eso","category-portada"],"post_mailing_queue_ids":[],"_links":{"self":[{"href":"https:\/\/agora.xtec.cat\/ies-viladecavalls\/wp-json\/wp\/v2\/posts\/9657","targetHints":{"allow":["GET"]}}],"collection":[{"href":"https:\/\/agora.xtec.cat\/ies-viladecavalls\/wp-json\/wp\/v2\/posts"}],"about":[{"href":"https:\/\/agora.xtec.cat\/ies-viladecavalls\/wp-json\/wp\/v2\/types\/post"}],"author":[{"embeddable":true,"href":"https:\/\/agora.xtec.cat\/ies-viladecavalls\/wp-json\/wp\/v2\/users\/1"}],"replies":[{"embeddable":true,"href":"https:\/\/agora.xtec.cat\/ies-viladecavalls\/wp-json\/wp\/v2\/comments?post=9657"}],"version-history":[{"count":1,"href":"https:\/\/agora.xtec.cat\/ies-viladecavalls\/wp-json\/wp\/v2\/posts\/9657\/revisions"}],"predecessor-version":[{"id":9662,"href":"https:\/\/agora.xtec.cat\/ies-viladecavalls\/wp-json\/wp\/v2\/posts\/9657\/revisions\/9662"}],"wp:featuredmedia":[{"embeddable":true,"href":"https:\/\/agora.xtec.cat\/ies-viladecavalls\/wp-json\/wp\/v2\/media\/9660"}],"wp:attachment":[{"href":"https:\/\/agora.xtec.cat\/ies-viladecavalls\/wp-json\/wp\/v2\/media?parent=9657"}],"wp:term":[{"taxonomy":"category","embeddable":true,"href":"https:\/\/agora.xtec.cat\/ies-viladecavalls\/wp-json\/wp\/v2\/categories?post=9657"},{"taxonomy":"post_tag","embeddable":true,"href":"https:\/\/agora.xtec.cat\/ies-viladecavalls\/wp-json\/wp\/v2\/tags?post=9657"}],"curies":[{"name":"wp","href":"https:\/\/api.w.org\/{rel}","templated":true}]}}