{"id":9629,"date":"2018-10-10T08:14:05","date_gmt":"2018-10-10T06:14:05","guid":{"rendered":"http:\/\/agora.xtec.cat\/ies-viladecavalls\/?p=9629"},"modified":"2018-10-11T13:16:51","modified_gmt":"2018-10-11T11:16:51","slug":"sortida-deducacio-fisica-al-natacio","status":"publish","type":"post","link":"https:\/\/agora.xtec.cat\/ies-viladecavalls\/eso\/sortida-deducacio-fisica-al-natacio\/","title":{"rendered":"Sortida d&#8217;educaci\u00f3 f\u00edsica al Nataci\u00f3"},"content":{"rendered":"<p>Aquest passat divendres 5 Els alumnes de 4t d&#8217;ESO han gaudit d&#8217;una jornada multiesportiva a les instal\u00b7lacions del Club Nataci\u00f3 Terrassa. Han conegut activitats f\u00edsiques innovadores i\/o diferents a les habituals (xap polo, bodycombat, zumba i defensa personal). D&#8217;aquesta manera els hem obert nous horitzons i possibilitats a l&#8217;hora de fer una vida activa i saludable.<\/p>\n<p><img loading=\"lazy\" decoding=\"async\" class=\"alignnone size-full wp-image-9630\" src=\"https:\/\/agora.xtec.cat\/ies-viladecavalls\/wp-content\/uploads\/usu1438\/2018\/10\/natacio1.jpg\" alt=\"\" width=\"768\" height=\"765\" srcset=\"https:\/\/agora.xtec.cat\/ies-viladecavalls\/wp-content\/uploads\/usu1438\/2018\/10\/natacio1.jpg 768w, https:\/\/agora.xtec.cat\/ies-viladecavalls\/wp-content\/uploads\/usu1438\/2018\/10\/natacio1-150x150.jpg 150w, https:\/\/agora.xtec.cat\/ies-viladecavalls\/wp-content\/uploads\/usu1438\/2018\/10\/natacio1-300x300.jpg 300w\" sizes=\"auto, (max-width: 768px) 100vw, 768px\" \/> <img loading=\"lazy\" decoding=\"async\" class=\"alignnone size-large wp-image-9631\" src=\"https:\/\/agora.xtec.cat\/ies-viladecavalls\/wp-content\/uploads\/usu1438\/2018\/10\/natacio2.jpg\" alt=\"\" width=\"767\" height=\"767\" srcset=\"https:\/\/agora.xtec.cat\/ies-viladecavalls\/wp-content\/uploads\/usu1438\/2018\/10\/natacio2.jpg 767w, https:\/\/agora.xtec.cat\/ies-viladecavalls\/wp-content\/uploads\/usu1438\/2018\/10\/natacio2-150x150.jpg 150w, https:\/\/agora.xtec.cat\/ies-viladecavalls\/wp-content\/uploads\/usu1438\/2018\/10\/natacio2-300x300.jpg 300w\" sizes=\"auto, (max-width: 767px) 100vw, 767px\" \/> <img loading=\"lazy\" decoding=\"async\" class=\"alignnone size-large wp-image-9632\" src=\"https:\/\/agora.xtec.cat\/ies-viladecavalls\/wp-content\/uploads\/usu1438\/2018\/10\/natacio3.jpg\" alt=\"\" width=\"772\" height=\"775\" srcset=\"https:\/\/agora.xtec.cat\/ies-viladecavalls\/wp-content\/uploads\/usu1438\/2018\/10\/natacio3.jpg 772w, https:\/\/agora.xtec.cat\/ies-viladecavalls\/wp-content\/uploads\/usu1438\/2018\/10\/natacio3-150x150.jpg 150w, https:\/\/agora.xtec.cat\/ies-viladecavalls\/wp-content\/uploads\/usu1438\/2018\/10\/natacio3-300x300.jpg 300w, https:\/\/agora.xtec.cat\/ies-viladecavalls\/wp-content\/uploads\/usu1438\/2018\/10\/natacio3-768x771.jpg 768w\" sizes=\"auto, (max-width: 772px) 100vw, 772px\" \/> <img loading=\"lazy\" decoding=\"async\" class=\"alignnone size-large wp-image-9633\" src=\"https:\/\/agora.xtec.cat\/ies-viladecavalls\/wp-content\/uploads\/usu1438\/2018\/10\/natacio4.jpg\" alt=\"\" width=\"770\" height=\"769\" srcset=\"https:\/\/agora.xtec.cat\/ies-viladecavalls\/wp-content\/uploads\/usu1438\/2018\/10\/natacio4.jpg 770w, https:\/\/agora.xtec.cat\/ies-viladecavalls\/wp-content\/uploads\/usu1438\/2018\/10\/natacio4-150x150.jpg 150w, https:\/\/agora.xtec.cat\/ies-viladecavalls\/wp-content\/uploads\/usu1438\/2018\/10\/natacio4-300x300.jpg 300w, https:\/\/agora.xtec.cat\/ies-viladecavalls\/wp-content\/uploads\/usu1438\/2018\/10\/natacio4-768x767.jpg 768w\" sizes=\"auto, (max-width: 770px) 100vw, 770px\" \/> <img loading=\"lazy\" decoding=\"async\" class=\"alignnone size-large wp-image-9634\" src=\"https:\/\/agora.xtec.cat\/ies-viladecavalls\/wp-content\/uploads\/usu1438\/2018\/10\/natacio5.jpg\" alt=\"\" width=\"770\" height=\"774\" srcset=\"https:\/\/agora.xtec.cat\/ies-viladecavalls\/wp-content\/uploads\/usu1438\/2018\/10\/natacio5.jpg 770w, https:\/\/agora.xtec.cat\/ies-viladecavalls\/wp-content\/uploads\/usu1438\/2018\/10\/natacio5-150x150.jpg 150w, https:\/\/agora.xtec.cat\/ies-viladecavalls\/wp-content\/uploads\/usu1438\/2018\/10\/natacio5-298x300.jpg 298w, https:\/\/agora.xtec.cat\/ies-viladecavalls\/wp-content\/uploads\/usu1438\/2018\/10\/natacio5-768x772.jpg 768w\" sizes=\"auto, (max-width: 770px) 100vw, 770px\" \/><\/p>\n","protected":false},"excerpt":{"rendered":"<p>Aquest passat divendres 5 Els alumnes de 4t d&#8217;ESO han gaudit d&#8217;una jornada multiesportiva a les instal\u00b7lacions del Club Nataci\u00f3 Terrassa. Han conegut activitats f\u00edsiques innovadores i\/o diferents a les habituals (xap polo, bodycombat, zumba i defensa personal). D&#8217;aquesta manera els hem obert nous horitzons&hellip;  <a href=\"https:\/\/agora.xtec.cat\/ies-viladecavalls\/eso\/sortida-deducacio-fisica-al-natacio\/\" title=\"Read Sortida d&#8217;educaci\u00f3 f\u00edsica al Nataci\u00f3\">Llegeix m\u00e9s\u00bb<\/a><\/p>\n","protected":false},"author":1,"featured_media":9630,"comment_status":"open","ping_status":"closed","sticky":false,"template":"","format":"standard","meta":{"_bbp_topic_count":0,"_bbp_reply_count":0,"_bbp_total_topic_count":0,"_bbp_total_reply_count":0,"_bbp_voice_count":0,"_bbp_anonymous_reply_count":0,"_bbp_topic_count_hidden":0,"_bbp_reply_count_hidden":0,"_bbp_forum_subforum_count":0,"footnotes":""},"categories":[3,29],"tags":[],"class_list":["post-9629","post","type-post","status-publish","format-standard","has-post-thumbnail","hentry","category-eso","category-portada"],"post_mailing_queue_ids":[],"_links":{"self":[{"href":"https:\/\/agora.xtec.cat\/ies-viladecavalls\/wp-json\/wp\/v2\/posts\/9629","targetHints":{"allow":["GET"]}}],"collection":[{"href":"https:\/\/agora.xtec.cat\/ies-viladecavalls\/wp-json\/wp\/v2\/posts"}],"about":[{"href":"https:\/\/agora.xtec.cat\/ies-viladecavalls\/wp-json\/wp\/v2\/types\/post"}],"author":[{"embeddable":true,"href":"https:\/\/agora.xtec.cat\/ies-viladecavalls\/wp-json\/wp\/v2\/users\/1"}],"replies":[{"embeddable":true,"href":"https:\/\/agora.xtec.cat\/ies-viladecavalls\/wp-json\/wp\/v2\/comments?post=9629"}],"version-history":[{"count":1,"href":"https:\/\/agora.xtec.cat\/ies-viladecavalls\/wp-json\/wp\/v2\/posts\/9629\/revisions"}],"predecessor-version":[{"id":9635,"href":"https:\/\/agora.xtec.cat\/ies-viladecavalls\/wp-json\/wp\/v2\/posts\/9629\/revisions\/9635"}],"wp:featuredmedia":[{"embeddable":true,"href":"https:\/\/agora.xtec.cat\/ies-viladecavalls\/wp-json\/wp\/v2\/media\/9630"}],"wp:attachment":[{"href":"https:\/\/agora.xtec.cat\/ies-viladecavalls\/wp-json\/wp\/v2\/media?parent=9629"}],"wp:term":[{"taxonomy":"category","embeddable":true,"href":"https:\/\/agora.xtec.cat\/ies-viladecavalls\/wp-json\/wp\/v2\/categories?post=9629"},{"taxonomy":"post_tag","embeddable":true,"href":"https:\/\/agora.xtec.cat\/ies-viladecavalls\/wp-json\/wp\/v2\/tags?post=9629"}],"curies":[{"name":"wp","href":"https:\/\/api.w.org\/{rel}","templated":true}]}}