{"id":9612,"date":"2018-09-27T16:36:31","date_gmt":"2018-09-27T14:36:31","guid":{"rendered":"http:\/\/agora.xtec.cat\/ies-viladecavalls\/?p=9612"},"modified":"2018-09-27T16:43:31","modified_gmt":"2018-09-27T14:43:31","slug":"festival-tnt-arts-esceniques","status":"publish","type":"post","link":"https:\/\/agora.xtec.cat\/ies-viladecavalls\/portada\/festival-tnt-arts-esceniques\/","title":{"rendered":"FESTIVAL TNT ARTS ESC\u00c8NIQUES"},"content":{"rendered":"<p>Des del 2007 se celebra a Terrassa a l\u00b4inici de la tardor el Festival m\u00e9s important de noves tend\u00e8ncies de les arts esc\u00e8niques a Catalunya (TNT). Atreu cada any durant un cap de setmana p\u00fablic i professionals de tot el m\u00f3n. Del 27 al 30 de setembre el festival mostra companyies de tot arreu. Una treintena d\u00b4espectacles i un centenar de professionals de la creaci\u00f3 multidisciplinar i de les arts esc\u00e8niques.<\/p>\n<p>Els alumnes que fan teatre a l\u2019 INS de\u00a0 Viladecavalls sota la direcci\u00f3 de l\u2019 Aguado: \u00a0Xavi Montesinos, Ivette Barroso, J\u00falia Cirera, Luc\u00eda Castillo i X\u00e8nia Pe\u00f1a faran pr\u00e0ctiques al TNT. Entre les seves feines trobem fer welcome packs, assistir a les companyies, veure espectacles &#8230; una experi\u00e8ncia per a les seves vides d\u2019 estudiants de teatre. quatre dies de voluntariat teatral inolvidables. L\u00b4espectacles inaugural d\u00b4enguany ser\u00e0 Cold Blood dels belgues Kiss&amp; Cry i que s\u00b4estrena per primer cop a l\u00b4estat.<\/p>\n<p><iframe loading=\"lazy\" src=\"https:\/\/drive.google.com\/file\/d\/1-5hGb_hxJRuYdv7g_97K-vyVCho9Fn-i\/preview\" width=\"640\" height=\"480\"><\/iframe><\/p>\n","protected":false},"excerpt":{"rendered":"<p>Des del 2007 se celebra a Terrassa a l\u00b4inici de la tardor el Festival m\u00e9s important de noves tend\u00e8ncies de les arts esc\u00e8niques a Catalunya (TNT). Atreu cada any durant un cap de setmana p\u00fablic i professionals de tot el m\u00f3n. Del 27 al 30&hellip;  <a href=\"https:\/\/agora.xtec.cat\/ies-viladecavalls\/portada\/festival-tnt-arts-esceniques\/\" title=\"Read FESTIVAL TNT ARTS ESC\u00c8NIQUES\">Llegeix m\u00e9s\u00bb<\/a><\/p>\n","protected":false},"author":1,"featured_media":0,"comment_status":"open","ping_status":"closed","sticky":false,"template":"","format":"standard","meta":{"_bbp_topic_count":0,"_bbp_reply_count":0,"_bbp_total_topic_count":0,"_bbp_total_reply_count":0,"_bbp_voice_count":0,"_bbp_anonymous_reply_count":0,"_bbp_topic_count_hidden":0,"_bbp_reply_count_hidden":0,"_bbp_forum_subforum_count":0,"footnotes":""},"categories":[29],"tags":[],"class_list":["post-9612","post","type-post","status-publish","format-standard","hentry","category-portada"],"post_mailing_queue_ids":[],"_links":{"self":[{"href":"https:\/\/agora.xtec.cat\/ies-viladecavalls\/wp-json\/wp\/v2\/posts\/9612","targetHints":{"allow":["GET"]}}],"collection":[{"href":"https:\/\/agora.xtec.cat\/ies-viladecavalls\/wp-json\/wp\/v2\/posts"}],"about":[{"href":"https:\/\/agora.xtec.cat\/ies-viladecavalls\/wp-json\/wp\/v2\/types\/post"}],"author":[{"embeddable":true,"href":"https:\/\/agora.xtec.cat\/ies-viladecavalls\/wp-json\/wp\/v2\/users\/1"}],"replies":[{"embeddable":true,"href":"https:\/\/agora.xtec.cat\/ies-viladecavalls\/wp-json\/wp\/v2\/comments?post=9612"}],"version-history":[{"count":1,"href":"https:\/\/agora.xtec.cat\/ies-viladecavalls\/wp-json\/wp\/v2\/posts\/9612\/revisions"}],"predecessor-version":[{"id":9613,"href":"https:\/\/agora.xtec.cat\/ies-viladecavalls\/wp-json\/wp\/v2\/posts\/9612\/revisions\/9613"}],"wp:attachment":[{"href":"https:\/\/agora.xtec.cat\/ies-viladecavalls\/wp-json\/wp\/v2\/media?parent=9612"}],"wp:term":[{"taxonomy":"category","embeddable":true,"href":"https:\/\/agora.xtec.cat\/ies-viladecavalls\/wp-json\/wp\/v2\/categories?post=9612"},{"taxonomy":"post_tag","embeddable":true,"href":"https:\/\/agora.xtec.cat\/ies-viladecavalls\/wp-json\/wp\/v2\/tags?post=9612"}],"curies":[{"name":"wp","href":"https:\/\/api.w.org\/{rel}","templated":true}]}}