{"id":9535,"date":"2018-06-07T15:16:09","date_gmt":"2018-06-07T13:16:09","guid":{"rendered":"http:\/\/agora.xtec.cat\/ies-viladecavalls\/?p=9535"},"modified":"2018-06-07T15:16:09","modified_gmt":"2018-06-07T13:16:09","slug":"la-conservacio-daliments-3reso-a","status":"publish","type":"post","link":"https:\/\/agora.xtec.cat\/ies-viladecavalls\/eso\/la-conservacio-daliments-3reso-a\/","title":{"rendered":"&#8220;La conservaci\u00f3 d&#8217;aliments&#8221; 3rESO A"},"content":{"rendered":"<p>Aquest dimecres 6 de juny, el claustre de professors i professores del nostre institut, ha gaudit d&#8217;un dinar ben diferent: coques de recapte elaborades amb molt de gust i dedicaci\u00f3 per l&#8217;alumnat de 3rA.<\/p>\n<p>La iniciativa ha estat un \u00e8xit! Les coques bon\u00edssimes i el treball de l&#8217;alumnat molt satisfactori. Aquest taller, ha estat la cloenda d&#8217;un treball previ realitzat a tecnologia, en el marc de la unitat &#8220;La conservaci\u00f3 dels aliments&#8221;. L&#8217;alumnat ha pogut assimilar i aprendre de primera m\u00e0, com funciona el proc\u00e9s de fermentaci\u00f3 en l&#8217;elaboraci\u00f3 de la massa de les coques i en la producci\u00f3 d&#8217;un formatge fresc.<\/p>\n<p>A part d&#8217;aquests conceptes han treballat de manera transversal altres compet\u00e8ncies com: treball en equip, responsabilitat, repartiment de tasques, planificaci\u00f3, gesti\u00f3 de recursos&#8230; que els permetr\u00e0 desenvolupar altres tasques amb m\u00e9s garantia d&#8217;\u00e8xit. Nom\u00e9s ens queda felicitar-los i valorar l&#8217;esfor\u00e7 fet!<\/p>\n<p>Esperem que a ells els hi hagin agradat tant com a nosaltres i que us hagin deixat a les fam\u00edlies una mica, per fer el tastet! Us compartim unes fotos perqu\u00e8 veieu com hem gaudit tots plegats!<\/p>\n<p><img loading=\"lazy\" decoding=\"async\" class=\"alignnone size-full wp-image-9536\" src=\"http:\/\/agora.xtec.cat\/ies-viladecavalls\/wp-content\/uploads\/usu1438\/2018\/06\/3a1.jpg\" alt=\"\" width=\"947\" height=\"711\" srcset=\"https:\/\/agora.xtec.cat\/ies-viladecavalls\/wp-content\/uploads\/usu1438\/2018\/06\/3a1.jpg 947w, https:\/\/agora.xtec.cat\/ies-viladecavalls\/wp-content\/uploads\/usu1438\/2018\/06\/3a1-300x225.jpg 300w, https:\/\/agora.xtec.cat\/ies-viladecavalls\/wp-content\/uploads\/usu1438\/2018\/06\/3a1-768x577.jpg 768w, https:\/\/agora.xtec.cat\/ies-viladecavalls\/wp-content\/uploads\/usu1438\/2018\/06\/3a1-200x150.jpg 200w\" sizes=\"auto, (max-width: 947px) 100vw, 947px\" \/> <img loading=\"lazy\" decoding=\"async\" class=\"alignnone size-large wp-image-9537\" src=\"http:\/\/agora.xtec.cat\/ies-viladecavalls\/wp-content\/uploads\/usu1438\/2018\/06\/3a2.jpg\" alt=\"\" width=\"525\" height=\"690\" srcset=\"https:\/\/agora.xtec.cat\/ies-viladecavalls\/wp-content\/uploads\/usu1438\/2018\/06\/3a2.jpg 525w, https:\/\/agora.xtec.cat\/ies-viladecavalls\/wp-content\/uploads\/usu1438\/2018\/06\/3a2-228x300.jpg 228w\" sizes=\"auto, (max-width: 525px) 100vw, 525px\" \/> <img loading=\"lazy\" decoding=\"async\" class=\"alignnone size-large wp-image-9538\" src=\"http:\/\/agora.xtec.cat\/ies-viladecavalls\/wp-content\/uploads\/usu1438\/2018\/06\/3a3.jpg\" alt=\"\" width=\"933\" height=\"694\" srcset=\"https:\/\/agora.xtec.cat\/ies-viladecavalls\/wp-content\/uploads\/usu1438\/2018\/06\/3a3.jpg 933w, https:\/\/agora.xtec.cat\/ies-viladecavalls\/wp-content\/uploads\/usu1438\/2018\/06\/3a3-300x223.jpg 300w, https:\/\/agora.xtec.cat\/ies-viladecavalls\/wp-content\/uploads\/usu1438\/2018\/06\/3a3-768x571.jpg 768w, https:\/\/agora.xtec.cat\/ies-viladecavalls\/wp-content\/uploads\/usu1438\/2018\/06\/3a3-200x150.jpg 200w\" sizes=\"auto, (max-width: 933px) 100vw, 933px\" \/> <img loading=\"lazy\" decoding=\"async\" class=\"alignnone size-large wp-image-9539\" src=\"http:\/\/agora.xtec.cat\/ies-viladecavalls\/wp-content\/uploads\/usu1438\/2018\/06\/3a4.jpg\" alt=\"\" width=\"935\" height=\"689\" srcset=\"https:\/\/agora.xtec.cat\/ies-viladecavalls\/wp-content\/uploads\/usu1438\/2018\/06\/3a4.jpg 935w, https:\/\/agora.xtec.cat\/ies-viladecavalls\/wp-content\/uploads\/usu1438\/2018\/06\/3a4-300x221.jpg 300w, https:\/\/agora.xtec.cat\/ies-viladecavalls\/wp-content\/uploads\/usu1438\/2018\/06\/3a4-768x566.jpg 768w\" sizes=\"auto, (max-width: 935px) 100vw, 935px\" \/> <img loading=\"lazy\" decoding=\"async\" class=\"alignnone size-large wp-image-9540\" src=\"http:\/\/agora.xtec.cat\/ies-viladecavalls\/wp-content\/uploads\/usu1438\/2018\/06\/3a5.jpg\" alt=\"\" width=\"943\" height=\"681\" srcset=\"https:\/\/agora.xtec.cat\/ies-viladecavalls\/wp-content\/uploads\/usu1438\/2018\/06\/3a5.jpg 943w, https:\/\/agora.xtec.cat\/ies-viladecavalls\/wp-content\/uploads\/usu1438\/2018\/06\/3a5-300x217.jpg 300w, https:\/\/agora.xtec.cat\/ies-viladecavalls\/wp-content\/uploads\/usu1438\/2018\/06\/3a5-768x555.jpg 768w\" sizes=\"auto, (max-width: 943px) 100vw, 943px\" \/> <img loading=\"lazy\" decoding=\"async\" class=\"alignnone size-large wp-image-9541\" src=\"http:\/\/agora.xtec.cat\/ies-viladecavalls\/wp-content\/uploads\/usu1438\/2018\/06\/3a6.jpg\" alt=\"\" width=\"939\" height=\"697\" srcset=\"https:\/\/agora.xtec.cat\/ies-viladecavalls\/wp-content\/uploads\/usu1438\/2018\/06\/3a6.jpg 939w, https:\/\/agora.xtec.cat\/ies-viladecavalls\/wp-content\/uploads\/usu1438\/2018\/06\/3a6-300x223.jpg 300w, https:\/\/agora.xtec.cat\/ies-viladecavalls\/wp-content\/uploads\/usu1438\/2018\/06\/3a6-768x570.jpg 768w\" sizes=\"auto, (max-width: 939px) 100vw, 939px\" \/> <img loading=\"lazy\" decoding=\"async\" class=\"alignnone size-large wp-image-9542\" src=\"http:\/\/agora.xtec.cat\/ies-viladecavalls\/wp-content\/uploads\/usu1438\/2018\/06\/3a7.jpg\" alt=\"\" width=\"941\" height=\"709\" srcset=\"https:\/\/agora.xtec.cat\/ies-viladecavalls\/wp-content\/uploads\/usu1438\/2018\/06\/3a7.jpg 941w, https:\/\/agora.xtec.cat\/ies-viladecavalls\/wp-content\/uploads\/usu1438\/2018\/06\/3a7-300x226.jpg 300w, https:\/\/agora.xtec.cat\/ies-viladecavalls\/wp-content\/uploads\/usu1438\/2018\/06\/3a7-768x579.jpg 768w, https:\/\/agora.xtec.cat\/ies-viladecavalls\/wp-content\/uploads\/usu1438\/2018\/06\/3a7-200x150.jpg 200w\" sizes=\"auto, (max-width: 941px) 100vw, 941px\" \/><\/p>\n","protected":false},"excerpt":{"rendered":"<p>Aquest dimecres 6 de juny, el claustre de professors i professores del nostre institut, ha gaudit d&#8217;un dinar ben diferent: coques de recapte elaborades amb molt de gust i dedicaci\u00f3 per l&#8217;alumnat de 3rA.<br \/>\nLa iniciativa ha estat un \u00e8xit! Les coques bon\u00edssimes i el treball&hellip;  <a href=\"https:\/\/agora.xtec.cat\/ies-viladecavalls\/eso\/la-conservacio-daliments-3reso-a\/\" title=\"Read &#8220;La conservaci\u00f3 d&#8217;aliments&#8221; 3rESO A\">Llegeix m\u00e9s\u00bb<\/a><\/p>\n","protected":false},"author":1,"featured_media":9540,"comment_status":"open","ping_status":"closed","sticky":false,"template":"","format":"standard","meta":{"_bbp_topic_count":0,"_bbp_reply_count":0,"_bbp_total_topic_count":0,"_bbp_total_reply_count":0,"_bbp_voice_count":0,"_bbp_anonymous_reply_count":0,"_bbp_topic_count_hidden":0,"_bbp_reply_count_hidden":0,"_bbp_forum_subforum_count":0,"footnotes":""},"categories":[3,29],"tags":[],"class_list":["post-9535","post","type-post","status-publish","format-standard","has-post-thumbnail","hentry","category-eso","category-portada"],"post_mailing_queue_ids":[],"_links":{"self":[{"href":"https:\/\/agora.xtec.cat\/ies-viladecavalls\/wp-json\/wp\/v2\/posts\/9535","targetHints":{"allow":["GET"]}}],"collection":[{"href":"https:\/\/agora.xtec.cat\/ies-viladecavalls\/wp-json\/wp\/v2\/posts"}],"about":[{"href":"https:\/\/agora.xtec.cat\/ies-viladecavalls\/wp-json\/wp\/v2\/types\/post"}],"author":[{"embeddable":true,"href":"https:\/\/agora.xtec.cat\/ies-viladecavalls\/wp-json\/wp\/v2\/users\/1"}],"replies":[{"embeddable":true,"href":"https:\/\/agora.xtec.cat\/ies-viladecavalls\/wp-json\/wp\/v2\/comments?post=9535"}],"version-history":[{"count":1,"href":"https:\/\/agora.xtec.cat\/ies-viladecavalls\/wp-json\/wp\/v2\/posts\/9535\/revisions"}],"predecessor-version":[{"id":9543,"href":"https:\/\/agora.xtec.cat\/ies-viladecavalls\/wp-json\/wp\/v2\/posts\/9535\/revisions\/9543"}],"wp:featuredmedia":[{"embeddable":true,"href":"https:\/\/agora.xtec.cat\/ies-viladecavalls\/wp-json\/wp\/v2\/media\/9540"}],"wp:attachment":[{"href":"https:\/\/agora.xtec.cat\/ies-viladecavalls\/wp-json\/wp\/v2\/media?parent=9535"}],"wp:term":[{"taxonomy":"category","embeddable":true,"href":"https:\/\/agora.xtec.cat\/ies-viladecavalls\/wp-json\/wp\/v2\/categories?post=9535"},{"taxonomy":"post_tag","embeddable":true,"href":"https:\/\/agora.xtec.cat\/ies-viladecavalls\/wp-json\/wp\/v2\/tags?post=9535"}],"curies":[{"name":"wp","href":"https:\/\/api.w.org\/{rel}","templated":true}]}}