{"id":9485,"date":"2018-05-20T10:17:32","date_gmt":"2018-05-20T08:17:32","guid":{"rendered":"http:\/\/agora.xtec.cat\/ies-viladecavalls\/?p=9485"},"modified":"2018-05-20T10:17:32","modified_gmt":"2018-05-20T08:17:32","slug":"sortida-a-la-zona-volcanica-dolot","status":"publish","type":"post","link":"https:\/\/agora.xtec.cat\/ies-viladecavalls\/eso\/sortida-a-la-zona-volcanica-dolot\/","title":{"rendered":"Sortida a la zona volc\u00e0nica d&#8217;Olot"},"content":{"rendered":"<p>Els alumnes de 2n d&#8217;ESO han fet una sortida de Ci\u00e8ncies Naturals a la zona volc\u00e0nica d&#8217;Olot, concretament al volc\u00e0 Croscat. En aquest, han observat l&#8217;estructura d&#8217;un con volc\u00e0nic i han pogut comparar-la amb la que han treballat a classe.<\/p>\n<div><img loading=\"lazy\" decoding=\"async\" class=\"alignnone  wp-image-9486\" src=\"http:\/\/agora.xtec.cat\/ies-viladecavalls\/wp-content\/uploads\/usu1438\/2018\/05\/olot1.jpg\" alt=\"\" width=\"769\" height=\"426\" srcset=\"https:\/\/agora.xtec.cat\/ies-viladecavalls\/wp-content\/uploads\/usu1438\/2018\/05\/olot1.jpg 920w, https:\/\/agora.xtec.cat\/ies-viladecavalls\/wp-content\/uploads\/usu1438\/2018\/05\/olot1-300x166.jpg 300w, https:\/\/agora.xtec.cat\/ies-viladecavalls\/wp-content\/uploads\/usu1438\/2018\/05\/olot1-768x426.jpg 768w\" sizes=\"auto, (max-width: 769px) 100vw, 769px\" \/> <img loading=\"lazy\" decoding=\"async\" class=\"alignnone size-large wp-image-9487\" src=\"http:\/\/agora.xtec.cat\/ies-viladecavalls\/wp-content\/uploads\/usu1438\/2018\/05\/olot2.jpg\" alt=\"\" width=\"769\" height=\"479\" srcset=\"https:\/\/agora.xtec.cat\/ies-viladecavalls\/wp-content\/uploads\/usu1438\/2018\/05\/olot2.jpg 769w, https:\/\/agora.xtec.cat\/ies-viladecavalls\/wp-content\/uploads\/usu1438\/2018\/05\/olot2-300x187.jpg 300w, https:\/\/agora.xtec.cat\/ies-viladecavalls\/wp-content\/uploads\/usu1438\/2018\/05\/olot2-768x478.jpg 768w\" sizes=\"auto, (max-width: 769px) 100vw, 769px\" \/> <img loading=\"lazy\" decoding=\"async\" class=\"alignnone  wp-image-9488\" src=\"http:\/\/agora.xtec.cat\/ies-viladecavalls\/wp-content\/uploads\/usu1438\/2018\/05\/olot3.jpg\" alt=\"\" width=\"768\" height=\"433\" srcset=\"https:\/\/agora.xtec.cat\/ies-viladecavalls\/wp-content\/uploads\/usu1438\/2018\/05\/olot3.jpg 918w, https:\/\/agora.xtec.cat\/ies-viladecavalls\/wp-content\/uploads\/usu1438\/2018\/05\/olot3-300x169.jpg 300w, https:\/\/agora.xtec.cat\/ies-viladecavalls\/wp-content\/uploads\/usu1438\/2018\/05\/olot3-768x433.jpg 768w\" sizes=\"auto, (max-width: 768px) 100vw, 768px\" \/><\/div>\n","protected":false},"excerpt":{"rendered":"<p>Els alumnes de 2n d&#8217;ESO han fet una sortida de Ci\u00e8ncies Naturals a la zona volc\u00e0nica d&#8217;Olot, concretament al volc\u00e0 Croscat. En aquest, han observat l&#8217;estructura d&#8217;un con volc\u00e0nic i han pogut comparar-la amb la que han treballat a classe.<\/p>\n","protected":false},"author":1,"featured_media":9487,"comment_status":"open","ping_status":"closed","sticky":false,"template":"","format":"standard","meta":{"_bbp_topic_count":0,"_bbp_reply_count":0,"_bbp_total_topic_count":0,"_bbp_total_reply_count":0,"_bbp_voice_count":0,"_bbp_anonymous_reply_count":0,"_bbp_topic_count_hidden":0,"_bbp_reply_count_hidden":0,"_bbp_forum_subforum_count":0,"footnotes":""},"categories":[3,29],"tags":[],"class_list":["post-9485","post","type-post","status-publish","format-standard","has-post-thumbnail","hentry","category-eso","category-portada"],"post_mailing_queue_ids":[],"_links":{"self":[{"href":"https:\/\/agora.xtec.cat\/ies-viladecavalls\/wp-json\/wp\/v2\/posts\/9485","targetHints":{"allow":["GET"]}}],"collection":[{"href":"https:\/\/agora.xtec.cat\/ies-viladecavalls\/wp-json\/wp\/v2\/posts"}],"about":[{"href":"https:\/\/agora.xtec.cat\/ies-viladecavalls\/wp-json\/wp\/v2\/types\/post"}],"author":[{"embeddable":true,"href":"https:\/\/agora.xtec.cat\/ies-viladecavalls\/wp-json\/wp\/v2\/users\/1"}],"replies":[{"embeddable":true,"href":"https:\/\/agora.xtec.cat\/ies-viladecavalls\/wp-json\/wp\/v2\/comments?post=9485"}],"version-history":[{"count":1,"href":"https:\/\/agora.xtec.cat\/ies-viladecavalls\/wp-json\/wp\/v2\/posts\/9485\/revisions"}],"predecessor-version":[{"id":9489,"href":"https:\/\/agora.xtec.cat\/ies-viladecavalls\/wp-json\/wp\/v2\/posts\/9485\/revisions\/9489"}],"wp:featuredmedia":[{"embeddable":true,"href":"https:\/\/agora.xtec.cat\/ies-viladecavalls\/wp-json\/wp\/v2\/media\/9487"}],"wp:attachment":[{"href":"https:\/\/agora.xtec.cat\/ies-viladecavalls\/wp-json\/wp\/v2\/media?parent=9485"}],"wp:term":[{"taxonomy":"category","embeddable":true,"href":"https:\/\/agora.xtec.cat\/ies-viladecavalls\/wp-json\/wp\/v2\/categories?post=9485"},{"taxonomy":"post_tag","embeddable":true,"href":"https:\/\/agora.xtec.cat\/ies-viladecavalls\/wp-json\/wp\/v2\/tags?post=9485"}],"curies":[{"name":"wp","href":"https:\/\/api.w.org\/{rel}","templated":true}]}}