{"id":9446,"date":"2018-05-09T16:02:21","date_gmt":"2018-05-09T14:02:21","guid":{"rendered":"http:\/\/agora.xtec.cat\/ies-viladecavalls\/?p=9446"},"modified":"2018-05-09T16:02:21","modified_gmt":"2018-05-09T14:02:21","slug":"visita-al-ctrv","status":"publish","type":"post","link":"https:\/\/agora.xtec.cat\/ies-viladecavalls\/eso\/visita-al-ctrv\/","title":{"rendered":"Visita al CTRV"},"content":{"rendered":"<p>L\u2019alumnat de 3r i 4tA van visitar el Centre de Tractament de Residus del Vall\u00e8s Occidental a Vacarisses. L\u2019activitat consistia en con\u00e8ixer les instal\u00b7lacions i les activitats que all\u00e0 es realitzen. A trav\u00e9s d\u2019un taller pr\u00e0ctic sobre el tractament i gesti\u00f3 que en fem dels residus, van prendre consci\u00e8ncia de la import\u00e0ncia del reciclatge.<\/p>\n<p><img loading=\"lazy\" decoding=\"async\" class=\"alignnone  wp-image-9447\" src=\"http:\/\/agora.xtec.cat\/ies-viladecavalls\/wp-content\/uploads\/usu1438\/2018\/05\/cdr1.jpg\" alt=\"\" width=\"501\" height=\"395\" srcset=\"https:\/\/agora.xtec.cat\/ies-viladecavalls\/wp-content\/uploads\/usu1438\/2018\/05\/cdr1.jpg 866w, https:\/\/agora.xtec.cat\/ies-viladecavalls\/wp-content\/uploads\/usu1438\/2018\/05\/cdr1-300x237.jpg 300w, https:\/\/agora.xtec.cat\/ies-viladecavalls\/wp-content\/uploads\/usu1438\/2018\/05\/cdr1-768x606.jpg 768w\" sizes=\"auto, (max-width: 501px) 100vw, 501px\" \/> <img loading=\"lazy\" decoding=\"async\" class=\"alignnone size-large wp-image-9448\" src=\"http:\/\/agora.xtec.cat\/ies-viladecavalls\/wp-content\/uploads\/usu1438\/2018\/05\/cdr2.jpg\" alt=\"\" width=\"504\" height=\"747\" srcset=\"https:\/\/agora.xtec.cat\/ies-viladecavalls\/wp-content\/uploads\/usu1438\/2018\/05\/cdr2.jpg 504w, https:\/\/agora.xtec.cat\/ies-viladecavalls\/wp-content\/uploads\/usu1438\/2018\/05\/cdr2-202x300.jpg 202w\" sizes=\"auto, (max-width: 504px) 100vw, 504px\" \/><\/p>\n<p>&nbsp;<\/p>\n","protected":false},"excerpt":{"rendered":"<p>L\u2019alumnat de 3r i 4tA van visitar el Centre de Tractament de Residus del Vall\u00e8s Occidental a Vacarisses. L\u2019activitat consistia en con\u00e8ixer les instal\u00b7lacions i les activitats que all\u00e0 es realitzen. A trav\u00e9s d\u2019un taller pr\u00e0ctic sobre el tractament i gesti\u00f3 que en fem dels&hellip;  <a href=\"https:\/\/agora.xtec.cat\/ies-viladecavalls\/eso\/visita-al-ctrv\/\" title=\"Read Visita al CTRV\">Llegeix m\u00e9s\u00bb<\/a><\/p>\n","protected":false},"author":1,"featured_media":9447,"comment_status":"open","ping_status":"closed","sticky":false,"template":"","format":"standard","meta":{"_bbp_topic_count":0,"_bbp_reply_count":0,"_bbp_total_topic_count":0,"_bbp_total_reply_count":0,"_bbp_voice_count":0,"_bbp_anonymous_reply_count":0,"_bbp_topic_count_hidden":0,"_bbp_reply_count_hidden":0,"_bbp_forum_subforum_count":0,"footnotes":""},"categories":[3,29],"tags":[],"class_list":["post-9446","post","type-post","status-publish","format-standard","has-post-thumbnail","hentry","category-eso","category-portada"],"post_mailing_queue_ids":[],"_links":{"self":[{"href":"https:\/\/agora.xtec.cat\/ies-viladecavalls\/wp-json\/wp\/v2\/posts\/9446","targetHints":{"allow":["GET"]}}],"collection":[{"href":"https:\/\/agora.xtec.cat\/ies-viladecavalls\/wp-json\/wp\/v2\/posts"}],"about":[{"href":"https:\/\/agora.xtec.cat\/ies-viladecavalls\/wp-json\/wp\/v2\/types\/post"}],"author":[{"embeddable":true,"href":"https:\/\/agora.xtec.cat\/ies-viladecavalls\/wp-json\/wp\/v2\/users\/1"}],"replies":[{"embeddable":true,"href":"https:\/\/agora.xtec.cat\/ies-viladecavalls\/wp-json\/wp\/v2\/comments?post=9446"}],"version-history":[{"count":1,"href":"https:\/\/agora.xtec.cat\/ies-viladecavalls\/wp-json\/wp\/v2\/posts\/9446\/revisions"}],"predecessor-version":[{"id":9449,"href":"https:\/\/agora.xtec.cat\/ies-viladecavalls\/wp-json\/wp\/v2\/posts\/9446\/revisions\/9449"}],"wp:featuredmedia":[{"embeddable":true,"href":"https:\/\/agora.xtec.cat\/ies-viladecavalls\/wp-json\/wp\/v2\/media\/9447"}],"wp:attachment":[{"href":"https:\/\/agora.xtec.cat\/ies-viladecavalls\/wp-json\/wp\/v2\/media?parent=9446"}],"wp:term":[{"taxonomy":"category","embeddable":true,"href":"https:\/\/agora.xtec.cat\/ies-viladecavalls\/wp-json\/wp\/v2\/categories?post=9446"},{"taxonomy":"post_tag","embeddable":true,"href":"https:\/\/agora.xtec.cat\/ies-viladecavalls\/wp-json\/wp\/v2\/tags?post=9446"}],"curies":[{"name":"wp","href":"https:\/\/api.w.org\/{rel}","templated":true}]}}