{"id":9387,"date":"2018-04-20T12:53:51","date_gmt":"2018-04-20T10:53:51","guid":{"rendered":"http:\/\/agora.xtec.cat\/ies-viladecavalls\/?p=9387"},"modified":"2018-04-25T12:56:44","modified_gmt":"2018-04-25T10:56:44","slug":"jornades-de-centres-de-referencia","status":"publish","type":"post","link":"https:\/\/agora.xtec.cat\/ies-viladecavalls\/general\/jornades-de-centres-de-referencia\/","title":{"rendered":"Jornades de Centres de Refer\u00e8ncia"},"content":{"rendered":"<p>El divendres 13 d&#8217;abril a les 10 del mat\u00ed, els professors de l&#8217;Ins Viladecavalls, Jos\u00e9 Antonio Aguado, i del CEM-Conservatori de Terrassa, Ramon Rius i Nuno Men<span class=\"m_-684001941371018920gmail-text_exposed_show\">des, varen participar en les Jornades de Centres de Refer\u00e8ncia organitzades pel Dep. d&#8217;Ensenyament.<br \/>\nL&#8217;acte es va dur a terme a l&#8217;ESMUC, Escola Superior de M\u00fasica de Catalunya.<br \/>\nEl motiu de la jornada fou el de presentar els projectes que diferents Conservatoris i Instituts de Catalunya est\u00e0n duent terme en el marc dels ensenyaments art\u00edstics.<br \/>\nEn concret, en el cas del CEM i l&#8217;IES Viladecavalls, es van presentar els projectes &#8220;Els trens de la mem\u00f2ria&#8221; i MAUS.<\/span><\/p>\n<p><a href=\"http:\/\/agora.xtec.cat\/ies-viladecavalls\/wp-content\/uploads\/usu1438\/2018\/04\/31265382_2119206151429449_4538308404845740032_o.jpg\"><img loading=\"lazy\" decoding=\"async\" class=\"alignnone size-large wp-image-9388\" src=\"http:\/\/agora.xtec.cat\/ies-viladecavalls\/wp-content\/uploads\/usu1438\/2018\/04\/31265382_2119206151429449_4538308404845740032_o-1024x498.jpg\" alt=\"\" width=\"1024\" height=\"498\" srcset=\"https:\/\/agora.xtec.cat\/ies-viladecavalls\/wp-content\/uploads\/usu1438\/2018\/04\/31265382_2119206151429449_4538308404845740032_o-1024x498.jpg 1024w, https:\/\/agora.xtec.cat\/ies-viladecavalls\/wp-content\/uploads\/usu1438\/2018\/04\/31265382_2119206151429449_4538308404845740032_o-300x146.jpg 300w, https:\/\/agora.xtec.cat\/ies-viladecavalls\/wp-content\/uploads\/usu1438\/2018\/04\/31265382_2119206151429449_4538308404845740032_o-768x374.jpg 768w, https:\/\/agora.xtec.cat\/ies-viladecavalls\/wp-content\/uploads\/usu1438\/2018\/04\/31265382_2119206151429449_4538308404845740032_o.jpg 1136w\" sizes=\"auto, (max-width: 1024px) 100vw, 1024px\" \/><\/a><\/p>\n","protected":false},"excerpt":{"rendered":"<p>El divendres 13 d&#8217;abril a les 10 del mat\u00ed, els professors de l&#8217;Ins Viladecavalls, Jos\u00e9 Antonio Aguado, i del CEM-Conservatori de Terrassa, Ramon Rius i Nuno Mendes, varen participar en les Jornades de Centres de Refer\u00e8ncia organitzades pel Dep. d&#8217;Ensenyament.<br \/>\nL&#8217;acte es va dur a terme&hellip;  <a href=\"https:\/\/agora.xtec.cat\/ies-viladecavalls\/general\/jornades-de-centres-de-referencia\/\" title=\"Read Jornades de Centres de Refer\u00e8ncia\">Llegeix m\u00e9s\u00bb<\/a><\/p>\n","protected":false},"author":1,"featured_media":9388,"comment_status":"open","ping_status":"closed","sticky":false,"template":"","format":"standard","meta":{"_bbp_topic_count":0,"_bbp_reply_count":0,"_bbp_total_topic_count":0,"_bbp_total_reply_count":0,"_bbp_voice_count":0,"_bbp_anonymous_reply_count":0,"_bbp_topic_count_hidden":0,"_bbp_reply_count_hidden":0,"_bbp_forum_subforum_count":0,"footnotes":""},"categories":[1,29],"tags":[],"class_list":["post-9387","post","type-post","status-publish","format-standard","has-post-thumbnail","hentry","category-general","category-portada"],"post_mailing_queue_ids":[],"_links":{"self":[{"href":"https:\/\/agora.xtec.cat\/ies-viladecavalls\/wp-json\/wp\/v2\/posts\/9387","targetHints":{"allow":["GET"]}}],"collection":[{"href":"https:\/\/agora.xtec.cat\/ies-viladecavalls\/wp-json\/wp\/v2\/posts"}],"about":[{"href":"https:\/\/agora.xtec.cat\/ies-viladecavalls\/wp-json\/wp\/v2\/types\/post"}],"author":[{"embeddable":true,"href":"https:\/\/agora.xtec.cat\/ies-viladecavalls\/wp-json\/wp\/v2\/users\/1"}],"replies":[{"embeddable":true,"href":"https:\/\/agora.xtec.cat\/ies-viladecavalls\/wp-json\/wp\/v2\/comments?post=9387"}],"version-history":[{"count":1,"href":"https:\/\/agora.xtec.cat\/ies-viladecavalls\/wp-json\/wp\/v2\/posts\/9387\/revisions"}],"predecessor-version":[{"id":9389,"href":"https:\/\/agora.xtec.cat\/ies-viladecavalls\/wp-json\/wp\/v2\/posts\/9387\/revisions\/9389"}],"wp:featuredmedia":[{"embeddable":true,"href":"https:\/\/agora.xtec.cat\/ies-viladecavalls\/wp-json\/wp\/v2\/media\/9388"}],"wp:attachment":[{"href":"https:\/\/agora.xtec.cat\/ies-viladecavalls\/wp-json\/wp\/v2\/media?parent=9387"}],"wp:term":[{"taxonomy":"category","embeddable":true,"href":"https:\/\/agora.xtec.cat\/ies-viladecavalls\/wp-json\/wp\/v2\/categories?post=9387"},{"taxonomy":"post_tag","embeddable":true,"href":"https:\/\/agora.xtec.cat\/ies-viladecavalls\/wp-json\/wp\/v2\/tags?post=9387"}],"curies":[{"name":"wp","href":"https:\/\/api.w.org\/{rel}","templated":true}]}}