{"id":9381,"date":"2018-04-25T11:13:06","date_gmt":"2018-04-25T09:13:06","guid":{"rendered":"http:\/\/agora.xtec.cat\/ies-viladecavalls\/?p=9381"},"modified":"2018-04-25T11:13:06","modified_gmt":"2018-04-25T09:13:06","slug":"presentacio-de-lobra-nit-de-somnis","status":"publish","type":"post","link":"https:\/\/agora.xtec.cat\/ies-viladecavalls\/batxillerat\/presentacio-de-lobra-nit-de-somnis\/","title":{"rendered":"Presentaci\u00f3 de l&#8217;obra &#8220;Nit de somnis&#8221;"},"content":{"rendered":"<p>L&#8217;obra\u00a0de William Shakespeare\u00a0<em>El somni d\u2019una nit d\u2019estiu\u00a0<\/em>(1595), ha servit d&#8217;inspiraci\u00f3 als alumnes del batxillerat d\u2019Arts Esc\u00e8niques de l\u2019INS de Viladecavalls per crear l&#8217;espectacle &#8216;Nit de somnis&#8217;. Sota la dramat\u00fargia i direcci\u00f3 del professor Jos\u00e9 Antonio Aguado i\u00a0prescindint de la trama amorosa, se\u00a0centra en el teatre d\u2019uns actors r\u00fastics i l\u2019atmosfera m\u00e0gica d\u2019uns titelles fets amb materials reciclats. Tot acompanyat de\u00a0la m\u00fasica de Georg Philipp Telemann interpretada pels alumnes del CEM sota la direcci\u00f3 de Nuno Mendes.<\/p>\n<p><a href=\"http:\/\/www.diarisantquirze.cat\/el-cem-i-el-festival-dido-j-a-aguado\"><img loading=\"lazy\" decoding=\"async\" class=\"alignnone size-full wp-image-9382\" src=\"http:\/\/agora.xtec.cat\/ies-viladecavalls\/wp-content\/uploads\/usu1438\/2018\/04\/festival-dido-1-620x330.jpg\" alt=\"\" width=\"620\" height=\"330\" srcset=\"https:\/\/agora.xtec.cat\/ies-viladecavalls\/wp-content\/uploads\/usu1438\/2018\/04\/festival-dido-1-620x330.jpg 620w, https:\/\/agora.xtec.cat\/ies-viladecavalls\/wp-content\/uploads\/usu1438\/2018\/04\/festival-dido-1-620x330-300x160.jpg 300w\" sizes=\"auto, (max-width: 620px) 100vw, 620px\" \/><\/a><\/p>\n","protected":false},"excerpt":{"rendered":"<p>L&#8217;obra\u00a0de William Shakespeare\u00a0El somni d\u2019una nit d\u2019estiu\u00a0(1595), ha servit d&#8217;inspiraci\u00f3 als alumnes del batxillerat d\u2019Arts Esc\u00e8niques de l\u2019INS de Viladecavalls per crear l&#8217;espectacle &#8216;Nit de somnis&#8217;. Sota la dramat\u00fargia i direcci\u00f3 del professor Jos\u00e9 Antonio Aguado i\u00a0prescindint de la trama amorosa, se\u00a0centra en el teatre&hellip;  <a href=\"https:\/\/agora.xtec.cat\/ies-viladecavalls\/batxillerat\/presentacio-de-lobra-nit-de-somnis\/\" title=\"Read Presentaci\u00f3 de l&#8217;obra &#8220;Nit de somnis&#8221;\">Llegeix m\u00e9s\u00bb<\/a><\/p>\n","protected":false},"author":1,"featured_media":9382,"comment_status":"open","ping_status":"closed","sticky":false,"template":"","format":"standard","meta":{"_bbp_topic_count":0,"_bbp_reply_count":0,"_bbp_total_topic_count":0,"_bbp_total_reply_count":0,"_bbp_voice_count":0,"_bbp_anonymous_reply_count":0,"_bbp_topic_count_hidden":0,"_bbp_reply_count_hidden":0,"_bbp_forum_subforum_count":0,"footnotes":""},"categories":[8,29],"tags":[],"class_list":["post-9381","post","type-post","status-publish","format-standard","has-post-thumbnail","hentry","category-batxillerat","category-portada"],"post_mailing_queue_ids":[],"_links":{"self":[{"href":"https:\/\/agora.xtec.cat\/ies-viladecavalls\/wp-json\/wp\/v2\/posts\/9381","targetHints":{"allow":["GET"]}}],"collection":[{"href":"https:\/\/agora.xtec.cat\/ies-viladecavalls\/wp-json\/wp\/v2\/posts"}],"about":[{"href":"https:\/\/agora.xtec.cat\/ies-viladecavalls\/wp-json\/wp\/v2\/types\/post"}],"author":[{"embeddable":true,"href":"https:\/\/agora.xtec.cat\/ies-viladecavalls\/wp-json\/wp\/v2\/users\/1"}],"replies":[{"embeddable":true,"href":"https:\/\/agora.xtec.cat\/ies-viladecavalls\/wp-json\/wp\/v2\/comments?post=9381"}],"version-history":[{"count":1,"href":"https:\/\/agora.xtec.cat\/ies-viladecavalls\/wp-json\/wp\/v2\/posts\/9381\/revisions"}],"predecessor-version":[{"id":9383,"href":"https:\/\/agora.xtec.cat\/ies-viladecavalls\/wp-json\/wp\/v2\/posts\/9381\/revisions\/9383"}],"wp:featuredmedia":[{"embeddable":true,"href":"https:\/\/agora.xtec.cat\/ies-viladecavalls\/wp-json\/wp\/v2\/media\/9382"}],"wp:attachment":[{"href":"https:\/\/agora.xtec.cat\/ies-viladecavalls\/wp-json\/wp\/v2\/media?parent=9381"}],"wp:term":[{"taxonomy":"category","embeddable":true,"href":"https:\/\/agora.xtec.cat\/ies-viladecavalls\/wp-json\/wp\/v2\/categories?post=9381"},{"taxonomy":"post_tag","embeddable":true,"href":"https:\/\/agora.xtec.cat\/ies-viladecavalls\/wp-json\/wp\/v2\/tags?post=9381"}],"curies":[{"name":"wp","href":"https:\/\/api.w.org\/{rel}","templated":true}]}}