{"id":9369,"date":"2018-04-14T23:02:34","date_gmt":"2018-04-14T21:02:34","guid":{"rendered":"http:\/\/agora.xtec.cat\/ies-viladecavalls\/?p=9369"},"modified":"2018-04-16T23:03:14","modified_gmt":"2018-04-16T21:03:14","slug":"plastica-viva-optativa-1r-deso","status":"publish","type":"post","link":"https:\/\/agora.xtec.cat\/ies-viladecavalls\/general\/plastica-viva-optativa-1r-deso\/","title":{"rendered":"Pl\u00e0stica viva  (Optativa 1r d&#8217;ESO)"},"content":{"rendered":"<p>En aquesta activitat, \u00abpl\u00e0stica viva\u00bb els alumnes de 1r de l\u2019ESO han estat realment \u00abpresents\u00bb per viure i experimentar conscientment el concepte de \u00abdestresa\u00bb mitjan\u00e7ant l\u2019eina del llapis, una eina for\u00e7a desconeguda per escolars i adults. El coneixement d\u2019aquesta eina m\u00e0gica suposa un coneixement exhaustiu del cos implicat en la destresa de la pr\u00f2pia m\u00e0. Les diferents maneres d\u2019agafar un llapis, el coneixement dels l\u00edmits de formes rodones i els diferents posicionaments del cos per adaptar-se a les formes abstractes i al suport del paper connecten parts importants dels 2 hemisferis cerebrals afavorint la relaxaci\u00f3, la concentraci\u00f3 i el desenvolupament de la\u00a0 intel\u00b7lig\u00e8ncia. Mitjan\u00e7ant la repetici\u00f3 de moviments conscients per aconseguir els diferents efectes s\u2019ha anat assolint destresa amb la m\u00e0 i el coneixement de l\u2019eina, la qual cosa comporta infinitat de petites connexions neuronals que no utilitzem normalment.<br \/>\nEl resultat d\u2019aquests treballs s\u00f3n la expressi\u00f3 del temps posat en pla des de la pr\u00f2pia concentraci\u00f3 i la inducci\u00f3 al silenci, exterior i interior. Aquest temps esdev\u00e9 en una meditaci\u00f3 que obre espai a la creativitat i a la intu\u00efci\u00f3 del paper en blanc on surt la espontane\u00eftat i el confrontament amb el buit, buit que convida i es desvetlla a cada moviment viu dels nostres alumnes amb l\u2019organitzaci\u00f3 de les formes en perfecta harmonia i equilibri.<\/p>\n<p>Pepa Sabater<\/p>\n<h2><a href=\"https:\/\/drive.google.com\/open?id=1YpuA8xcPviM0NFqFD1ohPPWD9aeJ1G-e\"><img loading=\"lazy\" decoding=\"async\" class=\"size-full wp-image-9371 aligncenter\" src=\"http:\/\/agora.xtec.cat\/ies-viladecavalls\/wp-content\/uploads\/usu1438\/2018\/04\/plastica.jpg\" alt=\"\" width=\"432\" height=\"359\" srcset=\"https:\/\/agora.xtec.cat\/ies-viladecavalls\/wp-content\/uploads\/usu1438\/2018\/04\/plastica.jpg 432w, https:\/\/agora.xtec.cat\/ies-viladecavalls\/wp-content\/uploads\/usu1438\/2018\/04\/plastica-300x250.jpg 300w\" sizes=\"auto, (max-width: 432px) 100vw, 432px\" \/><\/a><\/h2>\n","protected":false},"excerpt":{"rendered":"<p>En aquesta activitat, \u00abpl\u00e0stica viva\u00bb els alumnes de 1r de l\u2019ESO han estat realment \u00abpresents\u00bb per viure i experimentar conscientment el concepte de \u00abdestresa\u00bb mitjan\u00e7ant l\u2019eina del llapis, una eina for\u00e7a desconeguda per escolars i adults. El coneixement d\u2019aquesta eina m\u00e0gica suposa un coneixement exhaustiu&hellip;  <a href=\"https:\/\/agora.xtec.cat\/ies-viladecavalls\/general\/plastica-viva-optativa-1r-deso\/\" title=\"Read Pl\u00e0stica viva  (Optativa 1r d&#8217;ESO)\">Llegeix m\u00e9s\u00bb<\/a><\/p>\n","protected":false},"author":4,"featured_media":9371,"comment_status":"open","ping_status":"closed","sticky":false,"template":"","format":"standard","meta":{"_bbp_topic_count":0,"_bbp_reply_count":0,"_bbp_total_topic_count":0,"_bbp_total_reply_count":0,"_bbp_voice_count":0,"_bbp_anonymous_reply_count":0,"_bbp_topic_count_hidden":0,"_bbp_reply_count_hidden":0,"_bbp_forum_subforum_count":0,"footnotes":""},"categories":[3,1,29],"tags":[],"class_list":["post-9369","post","type-post","status-publish","format-standard","has-post-thumbnail","hentry","category-eso","category-general","category-portada"],"post_mailing_queue_ids":[],"_links":{"self":[{"href":"https:\/\/agora.xtec.cat\/ies-viladecavalls\/wp-json\/wp\/v2\/posts\/9369","targetHints":{"allow":["GET"]}}],"collection":[{"href":"https:\/\/agora.xtec.cat\/ies-viladecavalls\/wp-json\/wp\/v2\/posts"}],"about":[{"href":"https:\/\/agora.xtec.cat\/ies-viladecavalls\/wp-json\/wp\/v2\/types\/post"}],"author":[{"embeddable":true,"href":"https:\/\/agora.xtec.cat\/ies-viladecavalls\/wp-json\/wp\/v2\/users\/4"}],"replies":[{"embeddable":true,"href":"https:\/\/agora.xtec.cat\/ies-viladecavalls\/wp-json\/wp\/v2\/comments?post=9369"}],"version-history":[{"count":2,"href":"https:\/\/agora.xtec.cat\/ies-viladecavalls\/wp-json\/wp\/v2\/posts\/9369\/revisions"}],"predecessor-version":[{"id":9372,"href":"https:\/\/agora.xtec.cat\/ies-viladecavalls\/wp-json\/wp\/v2\/posts\/9369\/revisions\/9372"}],"wp:featuredmedia":[{"embeddable":true,"href":"https:\/\/agora.xtec.cat\/ies-viladecavalls\/wp-json\/wp\/v2\/media\/9371"}],"wp:attachment":[{"href":"https:\/\/agora.xtec.cat\/ies-viladecavalls\/wp-json\/wp\/v2\/media?parent=9369"}],"wp:term":[{"taxonomy":"category","embeddable":true,"href":"https:\/\/agora.xtec.cat\/ies-viladecavalls\/wp-json\/wp\/v2\/categories?post=9369"},{"taxonomy":"post_tag","embeddable":true,"href":"https:\/\/agora.xtec.cat\/ies-viladecavalls\/wp-json\/wp\/v2\/tags?post=9369"}],"curies":[{"name":"wp","href":"https:\/\/api.w.org\/{rel}","templated":true}]}}