{"id":9283,"date":"2018-03-19T13:32:24","date_gmt":"2018-03-19T12:32:24","guid":{"rendered":"http:\/\/agora.xtec.cat\/ies-viladecavalls\/?p=9283"},"modified":"2018-03-20T10:46:21","modified_gmt":"2018-03-20T09:46:21","slug":"participacio-en-lhp-codewars","status":"publish","type":"post","link":"https:\/\/agora.xtec.cat\/ies-viladecavalls\/general\/participacio-en-lhp-codewars\/","title":{"rendered":"Participaci\u00f3 en L\u2019HP CODEWARS"},"content":{"rendered":"<p>El passat dissabte dia 3 de mar\u00e7, els alumnes <strong>Dani Oliveras i Scott Martinez<\/strong> de 1r de Batxillerat juntament amb el <strong>Pol Garriga<\/strong> de 4t d\u2019ESO van participar a la quarta edici\u00f3 de HP CodeWars quedant en la dissetena posici\u00f3 de 102 equips, enhorabona!<\/p>\n<p>L\u2019HP CodeWars \u00e9s una competici\u00f3 de programaci\u00f3 que busca fomentar l\u2019inter\u00e8s dels joves de 3r d\u2019ESO fins 2n de Batxillerat i cicles formatius de Grau Mitj\u00e0 i aquesta t\u00e9 lloc a les instal\u00b7lacions que l\u2019empresa disposa a Sant Cugat.<\/p>\n<p>L\u2019experi\u00e8ncia va ser molt enriquidora i esperem tornar una vegada m\u00e9s l\u2019any vinent!<\/p>\n<p><a href=\"http:\/\/agora.xtec.cat\/ies-viladecavalls\/wp-content\/uploads\/usu1438\/2018\/03\/foto2.jpg\"><img loading=\"lazy\" decoding=\"async\" class=\"alignnone wp-image-9300\" src=\"http:\/\/agora.xtec.cat\/ies-viladecavalls\/wp-content\/uploads\/usu1438\/2018\/03\/foto2.jpg\" alt=\"\" width=\"520\" height=\"348\" srcset=\"https:\/\/agora.xtec.cat\/ies-viladecavalls\/wp-content\/uploads\/usu1438\/2018\/03\/foto2.jpg 698w, https:\/\/agora.xtec.cat\/ies-viladecavalls\/wp-content\/uploads\/usu1438\/2018\/03\/foto2-300x201.jpg 300w\" sizes=\"auto, (max-width: 520px) 100vw, 520px\" \/><\/a><\/p>\n<p>&nbsp;<\/p>\n<p><iframe loading=\"lazy\" title=\"HP CodeWars Barcelona 2018\" width=\"500\" height=\"281\" src=\"https:\/\/www.youtube.com\/embed\/ahPxBuAZjlA?feature=oembed\" frameborder=\"0\" allow=\"accelerometer; autoplay; clipboard-write; encrypted-media; gyroscope; picture-in-picture; web-share\" referrerpolicy=\"strict-origin-when-cross-origin\" allowfullscreen><\/iframe><\/p>\n<p>&nbsp;<\/p>\n<p>&nbsp;<\/p>\n","protected":false},"excerpt":{"rendered":"<p>El passat dissabte dia 3 de mar\u00e7, els alumnes Dani Oliveras i Scott Martinez de 1r de Batxillerat juntament amb el Pol Garriga de 4t d\u2019ESO van participar a la quarta edici\u00f3 de HP CodeWars quedant en la dissetena posici\u00f3 de 102 equips, enhorabona!<br \/>\nL\u2019HP CodeWars&hellip;  <a href=\"https:\/\/agora.xtec.cat\/ies-viladecavalls\/general\/participacio-en-lhp-codewars\/\" title=\"Read Participaci\u00f3 en L\u2019HP CODEWARS\">Llegeix m\u00e9s\u00bb<\/a><\/p>\n","protected":false},"author":1,"featured_media":9300,"comment_status":"open","ping_status":"closed","sticky":false,"template":"","format":"standard","meta":{"_bbp_topic_count":0,"_bbp_reply_count":0,"_bbp_total_topic_count":0,"_bbp_total_reply_count":0,"_bbp_voice_count":0,"_bbp_anonymous_reply_count":0,"_bbp_topic_count_hidden":0,"_bbp_reply_count_hidden":0,"_bbp_forum_subforum_count":0,"footnotes":""},"categories":[1,29],"tags":[],"class_list":["post-9283","post","type-post","status-publish","format-standard","has-post-thumbnail","hentry","category-general","category-portada"],"post_mailing_queue_ids":[],"_links":{"self":[{"href":"https:\/\/agora.xtec.cat\/ies-viladecavalls\/wp-json\/wp\/v2\/posts\/9283","targetHints":{"allow":["GET"]}}],"collection":[{"href":"https:\/\/agora.xtec.cat\/ies-viladecavalls\/wp-json\/wp\/v2\/posts"}],"about":[{"href":"https:\/\/agora.xtec.cat\/ies-viladecavalls\/wp-json\/wp\/v2\/types\/post"}],"author":[{"embeddable":true,"href":"https:\/\/agora.xtec.cat\/ies-viladecavalls\/wp-json\/wp\/v2\/users\/1"}],"replies":[{"embeddable":true,"href":"https:\/\/agora.xtec.cat\/ies-viladecavalls\/wp-json\/wp\/v2\/comments?post=9283"}],"version-history":[{"count":3,"href":"https:\/\/agora.xtec.cat\/ies-viladecavalls\/wp-json\/wp\/v2\/posts\/9283\/revisions"}],"predecessor-version":[{"id":9302,"href":"https:\/\/agora.xtec.cat\/ies-viladecavalls\/wp-json\/wp\/v2\/posts\/9283\/revisions\/9302"}],"wp:featuredmedia":[{"embeddable":true,"href":"https:\/\/agora.xtec.cat\/ies-viladecavalls\/wp-json\/wp\/v2\/media\/9300"}],"wp:attachment":[{"href":"https:\/\/agora.xtec.cat\/ies-viladecavalls\/wp-json\/wp\/v2\/media?parent=9283"}],"wp:term":[{"taxonomy":"category","embeddable":true,"href":"https:\/\/agora.xtec.cat\/ies-viladecavalls\/wp-json\/wp\/v2\/categories?post=9283"},{"taxonomy":"post_tag","embeddable":true,"href":"https:\/\/agora.xtec.cat\/ies-viladecavalls\/wp-json\/wp\/v2\/tags?post=9283"}],"curies":[{"name":"wp","href":"https:\/\/api.w.org\/{rel}","templated":true}]}}