{"id":9224,"date":"2018-02-13T10:44:41","date_gmt":"2018-02-13T09:44:41","guid":{"rendered":"http:\/\/agora.xtec.cat\/ies-viladecavalls\/?p=9224"},"modified":"2018-02-13T12:15:38","modified_gmt":"2018-02-13T11:15:38","slug":"participacio-en-el-torneig-first-lego-league","status":"publish","type":"post","link":"https:\/\/agora.xtec.cat\/ies-viladecavalls\/portada\/participacio-en-el-torneig-first-lego-league\/","title":{"rendered":"Participaci\u00f3 en el torneig First Lego League"},"content":{"rendered":"<p>Aquest dissabte 10 de febrer, alumnes de primer d&#8217;ESO del nostre institut han participat en el <span class=\"hiddenSpellError\">First<\/span> Lego <span class=\"hiddenSpellError\">League<\/span> a l&#8217;Escola D&#8217;Enginyeria de la UAB. Aquest \u00e9s el primer any que hem participat i ha estat una experi\u00e8ncia molt positiva tant per alumnes, familiars, com professors. La participaci\u00f3 en el torneig ha estat subvencionada i promoguda per l&#8217;Ajuntament de Viladecavalls.<br \/>\nEls participants han estat alumnes de primer d&#8217;ESO que han fet l&#8217;optativa de rob\u00f2tica. Aquesta optativa s&#8217;ha pogut comen\u00e7ar aquest curs gr\u00e0cies a les subvencions econ\u00f2miques per comprar els robots que han aportat tant l&#8217;Ajuntament com l&#8217;AMPA de l&#8217;institut.<\/p>\n<p><a href=\"http:\/\/agora.xtec.cat\/ies-viladecavalls\/wp-content\/uploads\/usu1438\/2018\/02\/IMG_20180210_151847.jpg\"><img loading=\"lazy\" decoding=\"async\" class=\"alignnone size-large wp-image-9229\" src=\"http:\/\/agora.xtec.cat\/ies-viladecavalls\/wp-content\/uploads\/usu1438\/2018\/02\/IMG_20180210_151847-1024x768.jpg\" alt=\"\" width=\"1024\" height=\"768\" srcset=\"https:\/\/agora.xtec.cat\/ies-viladecavalls\/wp-content\/uploads\/usu1438\/2018\/02\/IMG_20180210_151847-1024x768.jpg 1024w, https:\/\/agora.xtec.cat\/ies-viladecavalls\/wp-content\/uploads\/usu1438\/2018\/02\/IMG_20180210_151847-300x225.jpg 300w, https:\/\/agora.xtec.cat\/ies-viladecavalls\/wp-content\/uploads\/usu1438\/2018\/02\/IMG_20180210_151847-768x576.jpg 768w, https:\/\/agora.xtec.cat\/ies-viladecavalls\/wp-content\/uploads\/usu1438\/2018\/02\/IMG_20180210_151847-200x150.jpg 200w\" sizes=\"auto, (max-width: 1024px) 100vw, 1024px\" \/><\/a> <a href=\"http:\/\/agora.xtec.cat\/ies-viladecavalls\/wp-content\/uploads\/usu1438\/2018\/02\/IMG_20180210_154620.jpg\"><img loading=\"lazy\" decoding=\"async\" class=\"alignnone size-large wp-image-9230\" src=\"http:\/\/agora.xtec.cat\/ies-viladecavalls\/wp-content\/uploads\/usu1438\/2018\/02\/IMG_20180210_154620-768x1024.jpg\" alt=\"\" width=\"768\" height=\"1024\" srcset=\"https:\/\/agora.xtec.cat\/ies-viladecavalls\/wp-content\/uploads\/usu1438\/2018\/02\/IMG_20180210_154620-768x1024.jpg 768w, https:\/\/agora.xtec.cat\/ies-viladecavalls\/wp-content\/uploads\/usu1438\/2018\/02\/IMG_20180210_154620-225x300.jpg 225w, https:\/\/agora.xtec.cat\/ies-viladecavalls\/wp-content\/uploads\/usu1438\/2018\/02\/IMG_20180210_154620.jpg 1920w\" sizes=\"auto, (max-width: 768px) 100vw, 768px\" \/><\/a> <a href=\"http:\/\/agora.xtec.cat\/ies-viladecavalls\/wp-content\/uploads\/usu1438\/2018\/02\/IMG_20180210_154646.jpg\"><img loading=\"lazy\" decoding=\"async\" class=\"alignnone size-large wp-image-9231\" src=\"http:\/\/agora.xtec.cat\/ies-viladecavalls\/wp-content\/uploads\/usu1438\/2018\/02\/IMG_20180210_154646-1024x768.jpg\" alt=\"\" width=\"1024\" height=\"768\" srcset=\"https:\/\/agora.xtec.cat\/ies-viladecavalls\/wp-content\/uploads\/usu1438\/2018\/02\/IMG_20180210_154646-1024x768.jpg 1024w, https:\/\/agora.xtec.cat\/ies-viladecavalls\/wp-content\/uploads\/usu1438\/2018\/02\/IMG_20180210_154646-300x225.jpg 300w, https:\/\/agora.xtec.cat\/ies-viladecavalls\/wp-content\/uploads\/usu1438\/2018\/02\/IMG_20180210_154646-768x576.jpg 768w, https:\/\/agora.xtec.cat\/ies-viladecavalls\/wp-content\/uploads\/usu1438\/2018\/02\/IMG_20180210_154646-200x150.jpg 200w\" sizes=\"auto, (max-width: 1024px) 100vw, 1024px\" \/><\/a> <a href=\"http:\/\/agora.xtec.cat\/ies-viladecavalls\/wp-content\/uploads\/usu1438\/2018\/02\/IMG_20180210_163324.jpg\"><img loading=\"lazy\" decoding=\"async\" class=\"alignnone size-large wp-image-9232\" src=\"http:\/\/agora.xtec.cat\/ies-viladecavalls\/wp-content\/uploads\/usu1438\/2018\/02\/IMG_20180210_163324-1024x768.jpg\" alt=\"\" width=\"1024\" height=\"768\" srcset=\"https:\/\/agora.xtec.cat\/ies-viladecavalls\/wp-content\/uploads\/usu1438\/2018\/02\/IMG_20180210_163324-1024x768.jpg 1024w, https:\/\/agora.xtec.cat\/ies-viladecavalls\/wp-content\/uploads\/usu1438\/2018\/02\/IMG_20180210_163324-300x225.jpg 300w, https:\/\/agora.xtec.cat\/ies-viladecavalls\/wp-content\/uploads\/usu1438\/2018\/02\/IMG_20180210_163324-768x576.jpg 768w, https:\/\/agora.xtec.cat\/ies-viladecavalls\/wp-content\/uploads\/usu1438\/2018\/02\/IMG_20180210_163324-200x150.jpg 200w\" sizes=\"auto, (max-width: 1024px) 100vw, 1024px\" \/><\/a> <a href=\"http:\/\/agora.xtec.cat\/ies-viladecavalls\/wp-content\/uploads\/usu1438\/2018\/02\/IMG_20180210_191057.jpg\"><img loading=\"lazy\" decoding=\"async\" class=\"alignnone size-large wp-image-9233\" src=\"http:\/\/agora.xtec.cat\/ies-viladecavalls\/wp-content\/uploads\/usu1438\/2018\/02\/IMG_20180210_191057-1024x768.jpg\" alt=\"\" width=\"1024\" height=\"768\" srcset=\"https:\/\/agora.xtec.cat\/ies-viladecavalls\/wp-content\/uploads\/usu1438\/2018\/02\/IMG_20180210_191057-1024x768.jpg 1024w, https:\/\/agora.xtec.cat\/ies-viladecavalls\/wp-content\/uploads\/usu1438\/2018\/02\/IMG_20180210_191057-300x225.jpg 300w, https:\/\/agora.xtec.cat\/ies-viladecavalls\/wp-content\/uploads\/usu1438\/2018\/02\/IMG_20180210_191057-768x576.jpg 768w, https:\/\/agora.xtec.cat\/ies-viladecavalls\/wp-content\/uploads\/usu1438\/2018\/02\/IMG_20180210_191057-200x150.jpg 200w\" sizes=\"auto, (max-width: 1024px) 100vw, 1024px\" \/><\/a> <a href=\"http:\/\/agora.xtec.cat\/ies-viladecavalls\/wp-content\/uploads\/usu1438\/2018\/02\/IMG_20180210_191536.jpg\"><img loading=\"lazy\" decoding=\"async\" class=\"alignnone size-large wp-image-9234\" src=\"http:\/\/agora.xtec.cat\/ies-viladecavalls\/wp-content\/uploads\/usu1438\/2018\/02\/IMG_20180210_191536-1024x768.jpg\" alt=\"\" width=\"1024\" height=\"768\" srcset=\"https:\/\/agora.xtec.cat\/ies-viladecavalls\/wp-content\/uploads\/usu1438\/2018\/02\/IMG_20180210_191536-1024x768.jpg 1024w, https:\/\/agora.xtec.cat\/ies-viladecavalls\/wp-content\/uploads\/usu1438\/2018\/02\/IMG_20180210_191536-300x225.jpg 300w, https:\/\/agora.xtec.cat\/ies-viladecavalls\/wp-content\/uploads\/usu1438\/2018\/02\/IMG_20180210_191536-768x576.jpg 768w, https:\/\/agora.xtec.cat\/ies-viladecavalls\/wp-content\/uploads\/usu1438\/2018\/02\/IMG_20180210_191536-200x150.jpg 200w\" sizes=\"auto, (max-width: 1024px) 100vw, 1024px\" \/><\/a> <a href=\"http:\/\/agora.xtec.cat\/ies-viladecavalls\/wp-content\/uploads\/usu1438\/2018\/02\/IMG_20180210_201236.jpg\"><img loading=\"lazy\" decoding=\"async\" class=\"alignnone size-large wp-image-9235\" src=\"http:\/\/agora.xtec.cat\/ies-viladecavalls\/wp-content\/uploads\/usu1438\/2018\/02\/IMG_20180210_201236-1024x768.jpg\" alt=\"\" width=\"1024\" height=\"768\" srcset=\"https:\/\/agora.xtec.cat\/ies-viladecavalls\/wp-content\/uploads\/usu1438\/2018\/02\/IMG_20180210_201236-1024x768.jpg 1024w, https:\/\/agora.xtec.cat\/ies-viladecavalls\/wp-content\/uploads\/usu1438\/2018\/02\/IMG_20180210_201236-300x225.jpg 300w, https:\/\/agora.xtec.cat\/ies-viladecavalls\/wp-content\/uploads\/usu1438\/2018\/02\/IMG_20180210_201236-768x576.jpg 768w, https:\/\/agora.xtec.cat\/ies-viladecavalls\/wp-content\/uploads\/usu1438\/2018\/02\/IMG_20180210_201236-200x150.jpg 200w\" sizes=\"auto, (max-width: 1024px) 100vw, 1024px\" \/><\/a><\/p>\n<p><a href=\"http:\/\/agora.xtec.cat\/ies-viladecavalls\/wp-content\/uploads\/usu1438\/2018\/02\/IMG-20180213-WA0006.jpg\"><img loading=\"lazy\" decoding=\"async\" class=\"alignnone size-large wp-image-9225\" src=\"http:\/\/agora.xtec.cat\/ies-viladecavalls\/wp-content\/uploads\/usu1438\/2018\/02\/IMG-20180213-WA0006-1024x768.jpg\" alt=\"\" width=\"1024\" height=\"768\" srcset=\"https:\/\/agora.xtec.cat\/ies-viladecavalls\/wp-content\/uploads\/usu1438\/2018\/02\/IMG-20180213-WA0006-1024x768.jpg 1024w, https:\/\/agora.xtec.cat\/ies-viladecavalls\/wp-content\/uploads\/usu1438\/2018\/02\/IMG-20180213-WA0006-300x225.jpg 300w, https:\/\/agora.xtec.cat\/ies-viladecavalls\/wp-content\/uploads\/usu1438\/2018\/02\/IMG-20180213-WA0006-768x576.jpg 768w, https:\/\/agora.xtec.cat\/ies-viladecavalls\/wp-content\/uploads\/usu1438\/2018\/02\/IMG-20180213-WA0006-200x150.jpg 200w, https:\/\/agora.xtec.cat\/ies-viladecavalls\/wp-content\/uploads\/usu1438\/2018\/02\/IMG-20180213-WA0006.jpg 1600w\" sizes=\"auto, (max-width: 1024px) 100vw, 1024px\" \/><\/a> <a href=\"http:\/\/agora.xtec.cat\/ies-viladecavalls\/wp-content\/uploads\/usu1438\/2018\/02\/IMG-20180213-WA0007.jpg\"><img loading=\"lazy\" decoding=\"async\" class=\"alignnone size-large wp-image-9226\" src=\"http:\/\/agora.xtec.cat\/ies-viladecavalls\/wp-content\/uploads\/usu1438\/2018\/02\/IMG-20180213-WA0007-1024x768.jpg\" alt=\"\" width=\"1024\" height=\"768\" srcset=\"https:\/\/agora.xtec.cat\/ies-viladecavalls\/wp-content\/uploads\/usu1438\/2018\/02\/IMG-20180213-WA0007-1024x768.jpg 1024w, https:\/\/agora.xtec.cat\/ies-viladecavalls\/wp-content\/uploads\/usu1438\/2018\/02\/IMG-20180213-WA0007-300x225.jpg 300w, https:\/\/agora.xtec.cat\/ies-viladecavalls\/wp-content\/uploads\/usu1438\/2018\/02\/IMG-20180213-WA0007-768x576.jpg 768w, https:\/\/agora.xtec.cat\/ies-viladecavalls\/wp-content\/uploads\/usu1438\/2018\/02\/IMG-20180213-WA0007-200x150.jpg 200w, https:\/\/agora.xtec.cat\/ies-viladecavalls\/wp-content\/uploads\/usu1438\/2018\/02\/IMG-20180213-WA0007.jpg 1600w\" sizes=\"auto, (max-width: 1024px) 100vw, 1024px\" \/><\/a><\/p>\n","protected":false},"excerpt":{"rendered":"<p>Aquest dissabte 10 de febrer, alumnes de primer d&#8217;ESO del nostre institut han participat en el First Lego League a l&#8217;Escola D&#8217;Enginyeria de la UAB. Aquest \u00e9s el primer any que hem participat i ha estat una experi\u00e8ncia molt positiva tant per alumnes, familiars, com&hellip;  <a href=\"https:\/\/agora.xtec.cat\/ies-viladecavalls\/portada\/participacio-en-el-torneig-first-lego-league\/\" title=\"Read Participaci\u00f3 en el torneig First Lego League\">Llegeix m\u00e9s\u00bb<\/a><\/p>\n","protected":false},"author":1,"featured_media":9234,"comment_status":"open","ping_status":"closed","sticky":false,"template":"","format":"standard","meta":{"_bbp_topic_count":0,"_bbp_reply_count":0,"_bbp_total_topic_count":0,"_bbp_total_reply_count":0,"_bbp_voice_count":0,"_bbp_anonymous_reply_count":0,"_bbp_topic_count_hidden":0,"_bbp_reply_count_hidden":0,"_bbp_forum_subforum_count":0,"footnotes":""},"categories":[29],"tags":[],"class_list":["post-9224","post","type-post","status-publish","format-standard","has-post-thumbnail","hentry","category-portada"],"post_mailing_queue_ids":[],"_links":{"self":[{"href":"https:\/\/agora.xtec.cat\/ies-viladecavalls\/wp-json\/wp\/v2\/posts\/9224","targetHints":{"allow":["GET"]}}],"collection":[{"href":"https:\/\/agora.xtec.cat\/ies-viladecavalls\/wp-json\/wp\/v2\/posts"}],"about":[{"href":"https:\/\/agora.xtec.cat\/ies-viladecavalls\/wp-json\/wp\/v2\/types\/post"}],"author":[{"embeddable":true,"href":"https:\/\/agora.xtec.cat\/ies-viladecavalls\/wp-json\/wp\/v2\/users\/1"}],"replies":[{"embeddable":true,"href":"https:\/\/agora.xtec.cat\/ies-viladecavalls\/wp-json\/wp\/v2\/comments?post=9224"}],"version-history":[{"count":3,"href":"https:\/\/agora.xtec.cat\/ies-viladecavalls\/wp-json\/wp\/v2\/posts\/9224\/revisions"}],"predecessor-version":[{"id":9238,"href":"https:\/\/agora.xtec.cat\/ies-viladecavalls\/wp-json\/wp\/v2\/posts\/9224\/revisions\/9238"}],"wp:featuredmedia":[{"embeddable":true,"href":"https:\/\/agora.xtec.cat\/ies-viladecavalls\/wp-json\/wp\/v2\/media\/9234"}],"wp:attachment":[{"href":"https:\/\/agora.xtec.cat\/ies-viladecavalls\/wp-json\/wp\/v2\/media?parent=9224"}],"wp:term":[{"taxonomy":"category","embeddable":true,"href":"https:\/\/agora.xtec.cat\/ies-viladecavalls\/wp-json\/wp\/v2\/categories?post=9224"},{"taxonomy":"post_tag","embeddable":true,"href":"https:\/\/agora.xtec.cat\/ies-viladecavalls\/wp-json\/wp\/v2\/tags?post=9224"}],"curies":[{"name":"wp","href":"https:\/\/api.w.org\/{rel}","templated":true}]}}