{"id":9191,"date":"2018-02-01T08:32:56","date_gmt":"2018-02-01T07:32:56","guid":{"rendered":"http:\/\/agora.xtec.cat\/ies-viladecavalls\/?p=9191"},"modified":"2018-02-01T08:32:56","modified_gmt":"2018-02-01T07:32:56","slug":"taller-de-prehistoria","status":"publish","type":"post","link":"https:\/\/agora.xtec.cat\/ies-viladecavalls\/portada\/taller-de-prehistoria\/","title":{"rendered":"Taller de Prehist\u00f2ria"},"content":{"rendered":"<p>Els alumnes de 1r d&#8217;ESO van fer diferents tallers sobre la Prehist\u00f2ria. Ca\u00e7ant amb arc, foradant una pedra per fer un penjoll, observant les eines que utilitzaven, treballant el fang per fer una pe\u00e7a de cer\u00e0mica i intentant imitar les pintures rupestres, el alumnes de 1r d&#8217;ESO es van convertir per unes hores en homes i dones de la Prehist\u00f2ria. El curs vinent ho tornarem a fer!!!!<\/p>\n<p><a href=\"http:\/\/agora.xtec.cat\/ies-viladecavalls\/wp-content\/uploads\/usu1438\/2018\/02\/IMG_20180123_113902-Conxita-Navarro-e1517470286277.jpg\"><img loading=\"lazy\" decoding=\"async\" class=\"alignnone size-large wp-image-9196\" src=\"http:\/\/agora.xtec.cat\/ies-viladecavalls\/wp-content\/uploads\/usu1438\/2018\/02\/IMG_20180123_113902-Conxita-Navarro-e1517470286277-768x1024.jpg\" alt=\"\" width=\"768\" height=\"1024\" srcset=\"https:\/\/agora.xtec.cat\/ies-viladecavalls\/wp-content\/uploads\/usu1438\/2018\/02\/IMG_20180123_113902-Conxita-Navarro-e1517470286277-768x1024.jpg 768w, https:\/\/agora.xtec.cat\/ies-viladecavalls\/wp-content\/uploads\/usu1438\/2018\/02\/IMG_20180123_113902-Conxita-Navarro-e1517470286277-225x300.jpg 225w\" sizes=\"auto, (max-width: 768px) 100vw, 768px\" \/><\/a><a href=\"http:\/\/agora.xtec.cat\/ies-viladecavalls\/wp-content\/uploads\/usu1438\/2018\/02\/IMG_20180123_115150-Conxita-Navarro-e1517470298509.jpg\"><img loading=\"lazy\" decoding=\"async\" class=\"alignnone size-large wp-image-9195\" src=\"http:\/\/agora.xtec.cat\/ies-viladecavalls\/wp-content\/uploads\/usu1438\/2018\/02\/IMG_20180123_115150-Conxita-Navarro-e1517470298509-768x1024.jpg\" alt=\"\" width=\"768\" height=\"1024\" srcset=\"https:\/\/agora.xtec.cat\/ies-viladecavalls\/wp-content\/uploads\/usu1438\/2018\/02\/IMG_20180123_115150-Conxita-Navarro-e1517470298509-768x1024.jpg 768w, https:\/\/agora.xtec.cat\/ies-viladecavalls\/wp-content\/uploads\/usu1438\/2018\/02\/IMG_20180123_115150-Conxita-Navarro-e1517470298509-225x300.jpg 225w\" sizes=\"auto, (max-width: 768px) 100vw, 768px\" \/><\/a> <a href=\"http:\/\/agora.xtec.cat\/ies-viladecavalls\/wp-content\/uploads\/usu1438\/2018\/02\/IMG_20180123_115025-Conxita-Navarro-e1517470311576.jpg\"><img loading=\"lazy\" decoding=\"async\" class=\"alignnone size-large wp-image-9194\" src=\"http:\/\/agora.xtec.cat\/ies-viladecavalls\/wp-content\/uploads\/usu1438\/2018\/02\/IMG_20180123_115025-Conxita-Navarro-e1517470311576-768x1024.jpg\" alt=\"\" width=\"768\" height=\"1024\" srcset=\"https:\/\/agora.xtec.cat\/ies-viladecavalls\/wp-content\/uploads\/usu1438\/2018\/02\/IMG_20180123_115025-Conxita-Navarro-e1517470311576-768x1024.jpg 768w, https:\/\/agora.xtec.cat\/ies-viladecavalls\/wp-content\/uploads\/usu1438\/2018\/02\/IMG_20180123_115025-Conxita-Navarro-e1517470311576-225x300.jpg 225w\" sizes=\"auto, (max-width: 768px) 100vw, 768px\" \/><\/a> <a href=\"http:\/\/agora.xtec.cat\/ies-viladecavalls\/wp-content\/uploads\/usu1438\/2018\/02\/IMG_20180123_114633-Conxita-Navarro-e1517470272715.jpg\"><img loading=\"lazy\" decoding=\"async\" class=\"alignnone size-large wp-image-9193\" src=\"http:\/\/agora.xtec.cat\/ies-viladecavalls\/wp-content\/uploads\/usu1438\/2018\/02\/IMG_20180123_114633-Conxita-Navarro-e1517470272715-768x1024.jpg\" alt=\"\" width=\"768\" height=\"1024\" srcset=\"https:\/\/agora.xtec.cat\/ies-viladecavalls\/wp-content\/uploads\/usu1438\/2018\/02\/IMG_20180123_114633-Conxita-Navarro-e1517470272715-768x1024.jpg 768w, https:\/\/agora.xtec.cat\/ies-viladecavalls\/wp-content\/uploads\/usu1438\/2018\/02\/IMG_20180123_114633-Conxita-Navarro-e1517470272715-225x300.jpg 225w\" sizes=\"auto, (max-width: 768px) 100vw, 768px\" \/><\/a> <a href=\"http:\/\/agora.xtec.cat\/ies-viladecavalls\/wp-content\/uploads\/usu1438\/2018\/02\/IMG_20180123_114106-Conxita-Navarro-e1517470258556.jpg\"><img loading=\"lazy\" decoding=\"async\" class=\"alignnone size-large wp-image-9192\" src=\"http:\/\/agora.xtec.cat\/ies-viladecavalls\/wp-content\/uploads\/usu1438\/2018\/02\/IMG_20180123_114106-Conxita-Navarro-e1517470258556-768x1024.jpg\" alt=\"\" width=\"768\" height=\"1024\" srcset=\"https:\/\/agora.xtec.cat\/ies-viladecavalls\/wp-content\/uploads\/usu1438\/2018\/02\/IMG_20180123_114106-Conxita-Navarro-e1517470258556-768x1024.jpg 768w, https:\/\/agora.xtec.cat\/ies-viladecavalls\/wp-content\/uploads\/usu1438\/2018\/02\/IMG_20180123_114106-Conxita-Navarro-e1517470258556-225x300.jpg 225w\" sizes=\"auto, (max-width: 768px) 100vw, 768px\" \/><\/a><\/p>\n","protected":false},"excerpt":{"rendered":"<p>Els alumnes de 1r d&#8217;ESO van fer diferents tallers sobre la Prehist\u00f2ria. Ca\u00e7ant amb arc, foradant una pedra per fer un penjoll, observant les eines que utilitzaven, treballant el fang per fer una pe\u00e7a de cer\u00e0mica i intentant imitar les pintures rupestres, el alumnes de&hellip;  <a href=\"https:\/\/agora.xtec.cat\/ies-viladecavalls\/portada\/taller-de-prehistoria\/\" title=\"Read Taller de Prehist\u00f2ria\">Llegeix m\u00e9s\u00bb<\/a><\/p>\n","protected":false},"author":1,"featured_media":9195,"comment_status":"open","ping_status":"closed","sticky":false,"template":"","format":"standard","meta":{"_bbp_topic_count":0,"_bbp_reply_count":0,"_bbp_total_topic_count":0,"_bbp_total_reply_count":0,"_bbp_voice_count":0,"_bbp_anonymous_reply_count":0,"_bbp_topic_count_hidden":0,"_bbp_reply_count_hidden":0,"_bbp_forum_subforum_count":0,"footnotes":""},"categories":[29],"tags":[],"class_list":["post-9191","post","type-post","status-publish","format-standard","has-post-thumbnail","hentry","category-portada"],"post_mailing_queue_ids":[],"_links":{"self":[{"href":"https:\/\/agora.xtec.cat\/ies-viladecavalls\/wp-json\/wp\/v2\/posts\/9191","targetHints":{"allow":["GET"]}}],"collection":[{"href":"https:\/\/agora.xtec.cat\/ies-viladecavalls\/wp-json\/wp\/v2\/posts"}],"about":[{"href":"https:\/\/agora.xtec.cat\/ies-viladecavalls\/wp-json\/wp\/v2\/types\/post"}],"author":[{"embeddable":true,"href":"https:\/\/agora.xtec.cat\/ies-viladecavalls\/wp-json\/wp\/v2\/users\/1"}],"replies":[{"embeddable":true,"href":"https:\/\/agora.xtec.cat\/ies-viladecavalls\/wp-json\/wp\/v2\/comments?post=9191"}],"version-history":[{"count":1,"href":"https:\/\/agora.xtec.cat\/ies-viladecavalls\/wp-json\/wp\/v2\/posts\/9191\/revisions"}],"predecessor-version":[{"id":9197,"href":"https:\/\/agora.xtec.cat\/ies-viladecavalls\/wp-json\/wp\/v2\/posts\/9191\/revisions\/9197"}],"wp:featuredmedia":[{"embeddable":true,"href":"https:\/\/agora.xtec.cat\/ies-viladecavalls\/wp-json\/wp\/v2\/media\/9195"}],"wp:attachment":[{"href":"https:\/\/agora.xtec.cat\/ies-viladecavalls\/wp-json\/wp\/v2\/media?parent=9191"}],"wp:term":[{"taxonomy":"category","embeddable":true,"href":"https:\/\/agora.xtec.cat\/ies-viladecavalls\/wp-json\/wp\/v2\/categories?post=9191"},{"taxonomy":"post_tag","embeddable":true,"href":"https:\/\/agora.xtec.cat\/ies-viladecavalls\/wp-json\/wp\/v2\/tags?post=9191"}],"curies":[{"name":"wp","href":"https:\/\/api.w.org\/{rel}","templated":true}]}}