{"id":9139,"date":"2017-10-25T13:22:57","date_gmt":"2017-10-25T11:22:57","guid":{"rendered":"http:\/\/agora.xtec.cat\/ies-viladecavalls\/?p=9139"},"modified":"2017-10-30T13:55:41","modified_gmt":"2017-10-30T12:55:41","slug":"jornades-sobre-emprenedoria","status":"publish","type":"post","link":"https:\/\/agora.xtec.cat\/ies-viladecavalls\/eso\/jornades-sobre-emprenedoria\/","title":{"rendered":"JORNADES SOBRE EMPRENEDORIA"},"content":{"rendered":"<p>L&#8217;Ajuntament de Viladecavalls amb la col\u00b7laboraci\u00f3 del nostre Institut ha organitzat unes JORNADES SOBRE EMPRENEDORIA adre\u00e7ades a l&#8217;alumnat d&#8217;estada a l&#8217;empresa i altres persones del municipi.<\/p>\n<p><img loading=\"lazy\" decoding=\"async\" class=\"wp-image-9140 aligncenter\" src=\"http:\/\/agora.xtec.cat\/ies-viladecavalls\/wp-content\/uploads\/usu1438\/2017\/10\/Captura-de-pantalla-2017-10-25-a-les-9.20.57.png\" alt=\"\" width=\"319\" height=\"666\" srcset=\"https:\/\/agora.xtec.cat\/ies-viladecavalls\/wp-content\/uploads\/usu1438\/2017\/10\/Captura-de-pantalla-2017-10-25-a-les-9.20.57.png 440w, https:\/\/agora.xtec.cat\/ies-viladecavalls\/wp-content\/uploads\/usu1438\/2017\/10\/Captura-de-pantalla-2017-10-25-a-les-9.20.57-144x300.png 144w\" sizes=\"auto, (max-width: 319px) 100vw, 319px\" \/><\/p>\n<p>Per a m\u00e9s informaci\u00f3, podeu consultar el d\u00edptic informatiu adjunt.<\/p>\n<p>Bel\u00e9n Parra<\/p>\n<p><a href=\"http:\/\/agora.xtec.cat\/ies-viladecavalls\/wp-content\/uploads\/usu1438\/2017\/10\/D\u00cdPTIC-JORNADES.pdf\">D\u00cdPTIC JORNADES<\/a><\/p>\n<div><\/div>\n","protected":false},"excerpt":{"rendered":"<p>L&#8217;Ajuntament de Viladecavalls amb la col\u00b7laboraci\u00f3 del nostre Institut ha organitzat unes JORNADES SOBRE EMPRENEDORIA adre\u00e7ades a l&#8217;alumnat d&#8217;estada a l&#8217;empresa i altres persones del municipi.<\/p>\n<p>Per a m\u00e9s informaci\u00f3, podeu consultar el d\u00edptic informatiu adjunt.<br \/>\nBel\u00e9n Parra<br \/>\n<a href=\"http:\/\/agora.xtec.cat\/ies-viladecavalls\/wp-content\/uploads\/usu1438\/2017\/10\/D\u00cdPTIC-JORNADES.pdf\">D\u00cdPTIC JORNADES<\/a><\/p>\n","protected":false},"author":4,"featured_media":0,"comment_status":"open","ping_status":"closed","sticky":false,"template":"","format":"standard","meta":{"_bbp_topic_count":0,"_bbp_reply_count":0,"_bbp_total_topic_count":0,"_bbp_total_reply_count":0,"_bbp_voice_count":0,"_bbp_anonymous_reply_count":0,"_bbp_topic_count_hidden":0,"_bbp_reply_count_hidden":0,"_bbp_forum_subforum_count":0,"footnotes":""},"categories":[8,3,29],"tags":[],"class_list":["post-9139","post","type-post","status-publish","format-standard","hentry","category-batxillerat","category-eso","category-portada"],"post_mailing_queue_ids":[],"_links":{"self":[{"href":"https:\/\/agora.xtec.cat\/ies-viladecavalls\/wp-json\/wp\/v2\/posts\/9139","targetHints":{"allow":["GET"]}}],"collection":[{"href":"https:\/\/agora.xtec.cat\/ies-viladecavalls\/wp-json\/wp\/v2\/posts"}],"about":[{"href":"https:\/\/agora.xtec.cat\/ies-viladecavalls\/wp-json\/wp\/v2\/types\/post"}],"author":[{"embeddable":true,"href":"https:\/\/agora.xtec.cat\/ies-viladecavalls\/wp-json\/wp\/v2\/users\/4"}],"replies":[{"embeddable":true,"href":"https:\/\/agora.xtec.cat\/ies-viladecavalls\/wp-json\/wp\/v2\/comments?post=9139"}],"version-history":[{"count":3,"href":"https:\/\/agora.xtec.cat\/ies-viladecavalls\/wp-json\/wp\/v2\/posts\/9139\/revisions"}],"predecessor-version":[{"id":9147,"href":"https:\/\/agora.xtec.cat\/ies-viladecavalls\/wp-json\/wp\/v2\/posts\/9139\/revisions\/9147"}],"wp:attachment":[{"href":"https:\/\/agora.xtec.cat\/ies-viladecavalls\/wp-json\/wp\/v2\/media?parent=9139"}],"wp:term":[{"taxonomy":"category","embeddable":true,"href":"https:\/\/agora.xtec.cat\/ies-viladecavalls\/wp-json\/wp\/v2\/categories?post=9139"},{"taxonomy":"post_tag","embeddable":true,"href":"https:\/\/agora.xtec.cat\/ies-viladecavalls\/wp-json\/wp\/v2\/tags?post=9139"}],"curies":[{"name":"wp","href":"https:\/\/api.w.org\/{rel}","templated":true}]}}