{"id":822,"date":"2017-06-19T08:51:45","date_gmt":"2017-06-19T06:51:45","guid":{"rendered":"http:\/\/agora.xtec.cat\/ies-viladecavalls\/?p=822"},"modified":"2017-06-21T09:06:48","modified_gmt":"2017-06-21T07:06:48","slug":"sortida-al-cosmocaixa-dels-alumnes-de-tercer-deso","status":"publish","type":"post","link":"https:\/\/agora.xtec.cat\/ies-viladecavalls\/eso\/sortida-al-cosmocaixa-dels-alumnes-de-tercer-deso\/","title":{"rendered":"Sortida al CosmoCaixa dels alumnes de tercer d&#8217;ESO"},"content":{"rendered":"<p>Els dies 2 i 16 de juny els alumnes de tercer han visitat el CosmoCaixa. All\u00e0 han fet una petita gimcana i un taller sobre la vacuna de la SIDA, on han treballat com aut\u00e8ntics cient\u00edfics, tal com s&#8217;observa a les fotografies.<\/p>\n<p><img loading=\"lazy\" decoding=\"async\" class=\"alignnone wp-image-823\" src=\"http:\/\/agora.xtec.cat\/ies-viladecavalls\/wp-content\/uploads\/usu1438\/2017\/06\/cosmo2.jpg\" alt=\"cosmo2\" width=\"690\" height=\"755\" srcset=\"https:\/\/agora.xtec.cat\/ies-viladecavalls\/wp-content\/uploads\/usu1438\/2017\/06\/cosmo2.jpg 710w, https:\/\/agora.xtec.cat\/ies-viladecavalls\/wp-content\/uploads\/usu1438\/2017\/06\/cosmo2-274x300.jpg 274w\" sizes=\"auto, (max-width: 690px) 100vw, 690px\" \/> <img loading=\"lazy\" decoding=\"async\" class=\"alignnone size-large wp-image-824\" src=\"http:\/\/agora.xtec.cat\/ies-viladecavalls\/wp-content\/uploads\/usu1438\/2017\/06\/cosmo1.jpg\" alt=\"cosmo1\" width=\"688\" height=\"780\" srcset=\"https:\/\/agora.xtec.cat\/ies-viladecavalls\/wp-content\/uploads\/usu1438\/2017\/06\/cosmo1.jpg 688w, https:\/\/agora.xtec.cat\/ies-viladecavalls\/wp-content\/uploads\/usu1438\/2017\/06\/cosmo1-265x300.jpg 265w\" sizes=\"auto, (max-width: 688px) 100vw, 688px\" \/><\/p>\n<p>&nbsp;<\/p>\n","protected":false},"excerpt":{"rendered":"<p>Els dies 2 i 16 de juny els alumnes de tercer han visitat el CosmoCaixa. All\u00e0 han fet una petita gimcana i un taller sobre la vacuna de la SIDA, on han treballat com aut\u00e8ntics cient\u00edfics, tal com s&#8217;observa a les fotografies.<\/p>\n<p>&nbsp;<\/p>\n","protected":false},"author":4,"featured_media":823,"comment_status":"closed","ping_status":"closed","sticky":false,"template":"","format":"standard","meta":{"_bbp_topic_count":0,"_bbp_reply_count":0,"_bbp_total_topic_count":0,"_bbp_total_reply_count":0,"_bbp_voice_count":0,"_bbp_anonymous_reply_count":0,"_bbp_topic_count_hidden":0,"_bbp_reply_count_hidden":0,"_bbp_forum_subforum_count":0,"footnotes":""},"categories":[3,29],"tags":[],"class_list":["post-822","post","type-post","status-publish","format-standard","has-post-thumbnail","hentry","category-eso","category-portada"],"post_mailing_queue_ids":[],"_links":{"self":[{"href":"https:\/\/agora.xtec.cat\/ies-viladecavalls\/wp-json\/wp\/v2\/posts\/822","targetHints":{"allow":["GET"]}}],"collection":[{"href":"https:\/\/agora.xtec.cat\/ies-viladecavalls\/wp-json\/wp\/v2\/posts"}],"about":[{"href":"https:\/\/agora.xtec.cat\/ies-viladecavalls\/wp-json\/wp\/v2\/types\/post"}],"author":[{"embeddable":true,"href":"https:\/\/agora.xtec.cat\/ies-viladecavalls\/wp-json\/wp\/v2\/users\/4"}],"replies":[{"embeddable":true,"href":"https:\/\/agora.xtec.cat\/ies-viladecavalls\/wp-json\/wp\/v2\/comments?post=822"}],"version-history":[{"count":2,"href":"https:\/\/agora.xtec.cat\/ies-viladecavalls\/wp-json\/wp\/v2\/posts\/822\/revisions"}],"predecessor-version":[{"id":838,"href":"https:\/\/agora.xtec.cat\/ies-viladecavalls\/wp-json\/wp\/v2\/posts\/822\/revisions\/838"}],"wp:featuredmedia":[{"embeddable":true,"href":"https:\/\/agora.xtec.cat\/ies-viladecavalls\/wp-json\/wp\/v2\/media\/823"}],"wp:attachment":[{"href":"https:\/\/agora.xtec.cat\/ies-viladecavalls\/wp-json\/wp\/v2\/media?parent=822"}],"wp:term":[{"taxonomy":"category","embeddable":true,"href":"https:\/\/agora.xtec.cat\/ies-viladecavalls\/wp-json\/wp\/v2\/categories?post=822"},{"taxonomy":"post_tag","embeddable":true,"href":"https:\/\/agora.xtec.cat\/ies-viladecavalls\/wp-json\/wp\/v2\/tags?post=822"}],"curies":[{"name":"wp","href":"https:\/\/api.w.org\/{rel}","templated":true}]}}