{"id":799,"date":"2017-05-18T11:12:53","date_gmt":"2017-05-18T09:12:53","guid":{"rendered":"http:\/\/agora.xtec.cat\/ies-viladecavalls\/?p=799"},"modified":"2017-05-19T11:23:34","modified_gmt":"2017-05-19T09:23:34","slug":"olimpiada-classica","status":"publish","type":"post","link":"https:\/\/agora.xtec.cat\/ies-viladecavalls\/batxillerat\/olimpiada-classica\/","title":{"rendered":"Olimp\u00edada Cl\u00e0ssica"},"content":{"rendered":"<p>Alguns alumnes del Batxillerat Human\u00edstic del nostre centre van participar el 17 de maig a les olimp\u00edades de cl\u00e0ssiques de la UAB.<\/p>\n<p>ALEA JACTA EST<\/p>\n<p><img loading=\"lazy\" decoding=\"async\" class=\"alignnone size-large wp-image-800\" src=\"http:\/\/agora.xtec.cat\/ies-viladecavalls\/wp-content\/uploads\/usu1438\/2017\/05\/oLIMP-CL\u00c0-1024x384.png\" alt=\"oLIMP CL\u00c0\" width=\"1024\" height=\"384\" srcset=\"https:\/\/agora.xtec.cat\/ies-viladecavalls\/wp-content\/uploads\/usu1438\/2017\/05\/oLIMP-CL\u00c0-1024x384.png 1024w, https:\/\/agora.xtec.cat\/ies-viladecavalls\/wp-content\/uploads\/usu1438\/2017\/05\/oLIMP-CL\u00c0-300x112.png 300w, https:\/\/agora.xtec.cat\/ies-viladecavalls\/wp-content\/uploads\/usu1438\/2017\/05\/oLIMP-CL\u00c0-768x288.png 768w\" sizes=\"auto, (max-width: 1024px) 100vw, 1024px\" \/><\/p>\n","protected":false},"excerpt":{"rendered":"<p>Alguns alumnes del Batxillerat Human\u00edstic del nostre centre van participar el 17 de maig a les olimp\u00edades de cl\u00e0ssiques de la UAB.<br \/>\nALEA JACTA EST<\/p>\n","protected":false},"author":4,"featured_media":800,"comment_status":"open","ping_status":"open","sticky":false,"template":"","format":"standard","meta":{"_bbp_topic_count":0,"_bbp_reply_count":0,"_bbp_total_topic_count":0,"_bbp_total_reply_count":0,"_bbp_voice_count":0,"_bbp_anonymous_reply_count":0,"_bbp_topic_count_hidden":0,"_bbp_reply_count_hidden":0,"_bbp_forum_subforum_count":0,"footnotes":""},"categories":[8,29],"tags":[],"class_list":["post-799","post","type-post","status-publish","format-standard","has-post-thumbnail","hentry","category-batxillerat","category-portada"],"post_mailing_queue_ids":[],"_links":{"self":[{"href":"https:\/\/agora.xtec.cat\/ies-viladecavalls\/wp-json\/wp\/v2\/posts\/799","targetHints":{"allow":["GET"]}}],"collection":[{"href":"https:\/\/agora.xtec.cat\/ies-viladecavalls\/wp-json\/wp\/v2\/posts"}],"about":[{"href":"https:\/\/agora.xtec.cat\/ies-viladecavalls\/wp-json\/wp\/v2\/types\/post"}],"author":[{"embeddable":true,"href":"https:\/\/agora.xtec.cat\/ies-viladecavalls\/wp-json\/wp\/v2\/users\/4"}],"replies":[{"embeddable":true,"href":"https:\/\/agora.xtec.cat\/ies-viladecavalls\/wp-json\/wp\/v2\/comments?post=799"}],"version-history":[{"count":1,"href":"https:\/\/agora.xtec.cat\/ies-viladecavalls\/wp-json\/wp\/v2\/posts\/799\/revisions"}],"predecessor-version":[{"id":801,"href":"https:\/\/agora.xtec.cat\/ies-viladecavalls\/wp-json\/wp\/v2\/posts\/799\/revisions\/801"}],"wp:featuredmedia":[{"embeddable":true,"href":"https:\/\/agora.xtec.cat\/ies-viladecavalls\/wp-json\/wp\/v2\/media\/800"}],"wp:attachment":[{"href":"https:\/\/agora.xtec.cat\/ies-viladecavalls\/wp-json\/wp\/v2\/media?parent=799"}],"wp:term":[{"taxonomy":"category","embeddable":true,"href":"https:\/\/agora.xtec.cat\/ies-viladecavalls\/wp-json\/wp\/v2\/categories?post=799"},{"taxonomy":"post_tag","embeddable":true,"href":"https:\/\/agora.xtec.cat\/ies-viladecavalls\/wp-json\/wp\/v2\/tags?post=799"}],"curies":[{"name":"wp","href":"https:\/\/api.w.org\/{rel}","templated":true}]}}