{"id":782,"date":"2017-05-11T10:31:26","date_gmt":"2017-05-11T08:31:26","guid":{"rendered":"http:\/\/agora.xtec.cat\/ies-viladecavalls\/?p=782"},"modified":"2017-05-12T12:50:55","modified_gmt":"2017-05-12T10:50:55","slug":"revolta-de-bruixes","status":"publish","type":"post","link":"https:\/\/agora.xtec.cat\/ies-viladecavalls\/batxillerat\/revolta-de-bruixes\/","title":{"rendered":"Revolta de bruixes"},"content":{"rendered":"<p style=\"text-align: justify;\">Divendres, dia 28 d&#8217;abril, els alumnes de 2n de Batxillerat Esc\u00e8nic van representar la seva \u00faltima obra al Teatre Alegria davant de tots els alumnes que fan teatre al nostre centre, des de 1r d&#8217;ESO fins a 1r de Batxillerat.<\/p>\n<div>\n<p><iframe loading=\"lazy\" title=\"Revolta de bruixes 2017 Batxillerat d\u00b4Arts Esc\u00e8niques INS Viladecavalls\" width=\"500\" height=\"281\" src=\"https:\/\/www.youtube.com\/embed\/UAL4Q2NbDZI?feature=oembed\" frameborder=\"0\" allow=\"accelerometer; autoplay; clipboard-write; encrypted-media; gyroscope; picture-in-picture; web-share\" referrerpolicy=\"strict-origin-when-cross-origin\" allowfullscreen><\/iframe><\/p>\n<p style=\"text-align: justify;\">L&#8217;obra triada va ser &#8220;Revolta de bruixes&#8221;, de Josep M. Benet i Jornet. Aquesta representaci\u00f3 va significar l&#8217;ad\u00e9u dels nostres alumnes d&#8217;esc\u00e8niques que despr\u00e9s de dos anys de fer el Batxillerat Esc\u00e8nic, ens deixen per anar a fer els estudis superiors.<\/p>\n<p style=\"text-align: justify;\">Gr\u00e0cies per tot el que ens heu donat i que gaudiu del proper futur que us espera.<\/p>\n<\/div>\n","protected":false},"excerpt":{"rendered":"<p>Divendres, dia 28 d&#8217;abril, els alumnes de 2n de Batxillerat Esc\u00e8nic van representar la seva \u00faltima obra al Teatre Alegria davant de tots els alumnes que fan teatre al nostre centre, des de 1r d&#8217;ESO fins a 1r de Batxillerat.<\/p>\n<p>L&#8217;obra triada va ser &#8220;Revolta de&hellip;  <a href=\"https:\/\/agora.xtec.cat\/ies-viladecavalls\/batxillerat\/revolta-de-bruixes\/\" title=\"Read Revolta de bruixes\">Llegeix m\u00e9s\u00bb<\/a><\/p>\n","protected":false},"author":4,"featured_media":0,"comment_status":"open","ping_status":"open","sticky":false,"template":"","format":"standard","meta":{"_bbp_topic_count":0,"_bbp_reply_count":0,"_bbp_total_topic_count":0,"_bbp_total_reply_count":0,"_bbp_voice_count":0,"_bbp_anonymous_reply_count":0,"_bbp_topic_count_hidden":0,"_bbp_reply_count_hidden":0,"_bbp_forum_subforum_count":0,"footnotes":""},"categories":[8,29],"tags":[],"class_list":["post-782","post","type-post","status-publish","format-standard","hentry","category-batxillerat","category-portada"],"post_mailing_queue_ids":[],"_links":{"self":[{"href":"https:\/\/agora.xtec.cat\/ies-viladecavalls\/wp-json\/wp\/v2\/posts\/782","targetHints":{"allow":["GET"]}}],"collection":[{"href":"https:\/\/agora.xtec.cat\/ies-viladecavalls\/wp-json\/wp\/v2\/posts"}],"about":[{"href":"https:\/\/agora.xtec.cat\/ies-viladecavalls\/wp-json\/wp\/v2\/types\/post"}],"author":[{"embeddable":true,"href":"https:\/\/agora.xtec.cat\/ies-viladecavalls\/wp-json\/wp\/v2\/users\/4"}],"replies":[{"embeddable":true,"href":"https:\/\/agora.xtec.cat\/ies-viladecavalls\/wp-json\/wp\/v2\/comments?post=782"}],"version-history":[{"count":3,"href":"https:\/\/agora.xtec.cat\/ies-viladecavalls\/wp-json\/wp\/v2\/posts\/782\/revisions"}],"predecessor-version":[{"id":790,"href":"https:\/\/agora.xtec.cat\/ies-viladecavalls\/wp-json\/wp\/v2\/posts\/782\/revisions\/790"}],"wp:attachment":[{"href":"https:\/\/agora.xtec.cat\/ies-viladecavalls\/wp-json\/wp\/v2\/media?parent=782"}],"wp:term":[{"taxonomy":"category","embeddable":true,"href":"https:\/\/agora.xtec.cat\/ies-viladecavalls\/wp-json\/wp\/v2\/categories?post=782"},{"taxonomy":"post_tag","embeddable":true,"href":"https:\/\/agora.xtec.cat\/ies-viladecavalls\/wp-json\/wp\/v2\/tags?post=782"}],"curies":[{"name":"wp","href":"https:\/\/api.w.org\/{rel}","templated":true}]}}