{"id":747,"date":"2017-04-26T08:54:11","date_gmt":"2017-04-26T06:54:11","guid":{"rendered":"http:\/\/agora.xtec.cat\/ies-viladecavalls\/?p=747"},"modified":"2017-04-26T09:01:49","modified_gmt":"2017-04-26T07:01:49","slug":"setmana-de-la-ciencia","status":"publish","type":"post","link":"https:\/\/agora.xtec.cat\/ies-viladecavalls\/general\/setmana-de-la-ciencia\/","title":{"rendered":"Setmana de la ci\u00e8ncia"},"content":{"rendered":"<p><img loading=\"lazy\" decoding=\"async\" class=\"alignnone wp-image-759\" src=\"http:\/\/agora.xtec.cat\/ies-viladecavalls\/wp-content\/uploads\/usu1438\/2017\/04\/diacienc-1024x181.jpg\" alt=\"diacienc\" width=\"727\" height=\"129\" srcset=\"https:\/\/agora.xtec.cat\/ies-viladecavalls\/wp-content\/uploads\/usu1438\/2017\/04\/diacienc-1024x181.jpg 1024w, https:\/\/agora.xtec.cat\/ies-viladecavalls\/wp-content\/uploads\/usu1438\/2017\/04\/diacienc-300x53.jpg 300w, https:\/\/agora.xtec.cat\/ies-viladecavalls\/wp-content\/uploads\/usu1438\/2017\/04\/diacienc-768x136.jpg 768w, https:\/\/agora.xtec.cat\/ies-viladecavalls\/wp-content\/uploads\/usu1438\/2017\/04\/diacienc.jpg 1270w\" sizes=\"auto, (max-width: 727px) 100vw, 727px\" \/><\/p>\n<p style=\"text-align: justify;\">Aquesta setmana passada (del 18 al 21 d&#8217;abril),\u00a0 dins del marc de &#8220;<strong>la Setmana de la Ci\u00e8ncia<\/strong>&#8220;, l&#8217;institut ha realitzat una s\u00e8rie d&#8217;activitats a tots els nivells:<\/p>\n<ul>\n<li style=\"text-align: justify;\">Els alumnes de <strong>1r d&#8217;ESO<\/strong> han visitat el <strong>Museu Blau<\/strong> (museu de les ci\u00e8ncies naturals) a Barcelona, on han visitat el Museu i la seva exposici\u00f3 temporal dedicada al Spinosaurus, un dinosaure enorme, amb 15 metres de llarg, 7 tones de pes i una cresta impressionant&#8230;..<\/li>\n<\/ul>\n<p><img loading=\"lazy\" decoding=\"async\" class=\"alignnone wp-image-768\" src=\"http:\/\/agora.xtec.cat\/ies-viladecavalls\/wp-content\/uploads\/usu1438\/2017\/04\/blau.jpg\" alt=\"blau\" width=\"651\" height=\"734\" srcset=\"https:\/\/agora.xtec.cat\/ies-viladecavalls\/wp-content\/uploads\/usu1438\/2017\/04\/blau.jpg 631w, https:\/\/agora.xtec.cat\/ies-viladecavalls\/wp-content\/uploads\/usu1438\/2017\/04\/blau-266x300.jpg 266w\" sizes=\"auto, (max-width: 651px) 100vw, 651px\" \/><\/p>\n<p><img loading=\"lazy\" decoding=\"async\" class=\"alignnone wp-image-769\" src=\"http:\/\/agora.xtec.cat\/ies-viladecavalls\/wp-content\/uploads\/usu1438\/2017\/04\/IMG-20170418-WA0000-1024x576.jpg\" alt=\"IMG-20170418-WA0000\" width=\"645\" height=\"363\" srcset=\"https:\/\/agora.xtec.cat\/ies-viladecavalls\/wp-content\/uploads\/usu1438\/2017\/04\/IMG-20170418-WA0000-1024x576.jpg 1024w, https:\/\/agora.xtec.cat\/ies-viladecavalls\/wp-content\/uploads\/usu1438\/2017\/04\/IMG-20170418-WA0000-300x169.jpg 300w, https:\/\/agora.xtec.cat\/ies-viladecavalls\/wp-content\/uploads\/usu1438\/2017\/04\/IMG-20170418-WA0000-768x432.jpg 768w, https:\/\/agora.xtec.cat\/ies-viladecavalls\/wp-content\/uploads\/usu1438\/2017\/04\/IMG-20170418-WA0000.jpg 1600w\" sizes=\"auto, (max-width: 645px) 100vw, 645px\" \/><\/p>\n<ul>\n<li>Els alumnes de <strong>2n d&#8217;ESO<\/strong> han visitat el <strong>CosmoCaixa, <\/strong>a on van realitzar el taller\u00a0<strong> &#8220;P\u00e8ndols:dels determinisme al caos&#8221;.<\/strong><\/li>\n<\/ul>\n<p><strong><img loading=\"lazy\" decoding=\"async\" class=\"alignnone wp-image-749\" src=\"http:\/\/agora.xtec.cat\/ies-viladecavalls\/wp-content\/uploads\/usu1438\/2017\/04\/Cosmocaixa-1024x567.jpg\" alt=\"Cosmocaixa\" width=\"629\" height=\"348\" srcset=\"https:\/\/agora.xtec.cat\/ies-viladecavalls\/wp-content\/uploads\/usu1438\/2017\/04\/Cosmocaixa-1024x567.jpg 1024w, https:\/\/agora.xtec.cat\/ies-viladecavalls\/wp-content\/uploads\/usu1438\/2017\/04\/Cosmocaixa-300x166.jpg 300w, https:\/\/agora.xtec.cat\/ies-viladecavalls\/wp-content\/uploads\/usu1438\/2017\/04\/Cosmocaixa-768x426.jpg 768w, https:\/\/agora.xtec.cat\/ies-viladecavalls\/wp-content\/uploads\/usu1438\/2017\/04\/Cosmocaixa.jpg 1072w\" sizes=\"auto, (max-width: 629px) 100vw, 629px\" \/><\/strong><\/p>\n<ul>\n<li>\n<p class=\"western\" lang=\"ca-ES\" style=\"text-align: justify;\">L\u2019alumnat de <b>3r d\u2019ESO<\/b> va realitzar una sortida al museu de la <strong>Ci\u00e8ncia i la T\u00e8cnica de Terrassa<\/strong>. All\u00e0 va realitzar una <b>visita guiada per l\u2019exposici\u00f3 de l\u2019energia<\/b>: l\u2019aigua, el vent i l\u2019electricitat. Tamb\u00e9 va assistir a un <b>taller d\u2019engranatges<\/b>.<\/p>\n<\/li>\n<li>\n<p class=\"western\" lang=\"ca-ES\" style=\"text-align: justify;\"><img loading=\"lazy\" decoding=\"async\" class=\"alignnone wp-image-754\" src=\"http:\/\/agora.xtec.cat\/ies-viladecavalls\/wp-content\/uploads\/usu1438\/2017\/04\/mnctt.jpg\" alt=\"mnctt\" width=\"671\" height=\"498\" srcset=\"https:\/\/agora.xtec.cat\/ies-viladecavalls\/wp-content\/uploads\/usu1438\/2017\/04\/mnctt.jpg 687w, https:\/\/agora.xtec.cat\/ies-viladecavalls\/wp-content\/uploads\/usu1438\/2017\/04\/mnctt-300x223.jpg 300w\" sizes=\"auto, (max-width: 671px) 100vw, 671px\" \/><\/p>\n<\/li>\n<li>\n<p class=\"western\" lang=\"ca-ES\">Els alumnes de 4t i 2n de batxillerat han fet a l&#8217;institut un taller sobre la <strong>geometria amb bombolles de sab\u00f3<\/strong>, a c\u00e0rrec del professor <strong>Antoni Aubanell<\/strong>.<\/p>\n<p><img loading=\"lazy\" decoding=\"async\" class=\"alignnone wp-image-757\" src=\"http:\/\/agora.xtec.cat\/ies-viladecavalls\/wp-content\/uploads\/usu1438\/2017\/04\/bombolles.jpg\" alt=\"bombolles\" width=\"662\" height=\"249\" srcset=\"https:\/\/agora.xtec.cat\/ies-viladecavalls\/wp-content\/uploads\/usu1438\/2017\/04\/bombolles.jpg 905w, https:\/\/agora.xtec.cat\/ies-viladecavalls\/wp-content\/uploads\/usu1438\/2017\/04\/bombolles-300x113.jpg 300w, https:\/\/agora.xtec.cat\/ies-viladecavalls\/wp-content\/uploads\/usu1438\/2017\/04\/bombolles-768x289.jpg 768w\" sizes=\"auto, (max-width: 662px) 100vw, 662px\" \/><\/li>\n<\/ul>\n<ul>\n<li>\n<p class=\"western\" lang=\"ca-ES\">L\u2019alumnat de <b>1r de batxillerat<\/b> human\u00edstic i social va assistir a una confer\u00e8ncia sobre <b>seguretat de les comunicacions<\/b> a c\u00e0rrec del professor de la UPC Francisco Aguilar i l\u2019alumnat de les modalitats cient\u00edfic i tecnol\u00f2gic va assistir a una confer\u00e8ncia sobre els <b>sistemes de navegaci\u00f3 per sat\u00e8l\u00b7lit<\/b> a c\u00e0rrec del professor de la UPC Josep Gili.<\/p>\n<\/li>\n<\/ul>\n","protected":false},"excerpt":{"rendered":"<p>Aquesta setmana passada (del 18 al 21 d&#8217;abril),\u00a0 dins del marc de &#8220;la Setmana de la Ci\u00e8ncia&#8220;, l&#8217;institut ha realitzat una s\u00e8rie d&#8217;activitats a tots els nivells:<\/p>\n<ul>\n<li style=\"text-align: justify;\">Els alumnes de 1r d&#8217;ESO han visitat el Museu Blau (museu de les ci\u00e8ncies naturals) a Barcelona,&hellip;  <a href=\"https:\/\/agora.xtec.cat\/ies-viladecavalls\/general\/setmana-de-la-ciencia\/\" title=\"Read Setmana de la ci\u00e8ncia\">Llegeix m\u00e9s\u00bb<\/a><br \/>\n","protected":false},"author":4,"featured_media":773,"comment_status":"open","ping_status":"open","sticky":false,"template":"","format":"standard","meta":{"_bbp_topic_count":0,"_bbp_reply_count":0,"_bbp_total_topic_count":0,"_bbp_total_reply_count":0,"_bbp_voice_count":0,"_bbp_anonymous_reply_count":0,"_bbp_topic_count_hidden":0,"_bbp_reply_count_hidden":0,"_bbp_forum_subforum_count":0,"footnotes":""},"categories":[8,3,1,29],"tags":[],"class_list":["post-747","post","type-post","status-publish","format-standard","has-post-thumbnail","hentry","category-batxillerat","category-eso","category-general","category-portada"],"post_mailing_queue_ids":[],"_links":{"self":[{"href":"https:\/\/agora.xtec.cat\/ies-viladecavalls\/wp-json\/wp\/v2\/posts\/747","targetHints":{"allow":["GET"]}}],"collection":[{"href":"https:\/\/agora.xtec.cat\/ies-viladecavalls\/wp-json\/wp\/v2\/posts"}],"about":[{"href":"https:\/\/agora.xtec.cat\/ies-viladecavalls\/wp-json\/wp\/v2\/types\/post"}],"author":[{"embeddable":true,"href":"https:\/\/agora.xtec.cat\/ies-viladecavalls\/wp-json\/wp\/v2\/users\/4"}],"replies":[{"embeddable":true,"href":"https:\/\/agora.xtec.cat\/ies-viladecavalls\/wp-json\/wp\/v2\/comments?post=747"}],"version-history":[{"count":3,"href":"https:\/\/agora.xtec.cat\/ies-viladecavalls\/wp-json\/wp\/v2\/posts\/747\/revisions"}],"predecessor-version":[{"id":776,"href":"https:\/\/agora.xtec.cat\/ies-viladecavalls\/wp-json\/wp\/v2\/posts\/747\/revisions\/776"}],"wp:featuredmedia":[{"embeddable":true,"href":"https:\/\/agora.xtec.cat\/ies-viladecavalls\/wp-json\/wp\/v2\/media\/773"}],"wp:attachment":[{"href":"https:\/\/agora.xtec.cat\/ies-viladecavalls\/wp-json\/wp\/v2\/media?parent=747"}],"wp:term":[{"taxonomy":"category","embeddable":true,"href":"https:\/\/agora.xtec.cat\/ies-viladecavalls\/wp-json\/wp\/v2\/categories?post=747"},{"taxonomy":"post_tag","embeddable":true,"href":"https:\/\/agora.xtec.cat\/ies-viladecavalls\/wp-json\/wp\/v2\/tags?post=747"}],"curies":[{"name":"wp","href":"https:\/\/api.w.org\/{rel}","templated":true}]}}