{"id":713,"date":"2017-03-27T10:22:02","date_gmt":"2017-03-27T08:22:02","guid":{"rendered":"http:\/\/agora.xtec.cat\/ies-viladecavalls\/?p=713"},"modified":"2017-03-29T10:32:28","modified_gmt":"2017-03-29T08:32:28","slug":"sortida-al-teatre","status":"publish","type":"post","link":"https:\/\/agora.xtec.cat\/ies-viladecavalls\/eso\/sortida-al-teatre\/","title":{"rendered":"Sortida al teatre"},"content":{"rendered":"<p><img loading=\"lazy\" decoding=\"async\" class=\"alignnone size-large wp-image-720\" src=\"http:\/\/agora.xtec.cat\/ies-viladecavalls\/wp-content\/uploads\/usu1438\/2017\/03\/IMG_2858-1024x768.jpg\" alt=\"img_2858\" width=\"1024\" height=\"768\" srcset=\"https:\/\/agora.xtec.cat\/ies-viladecavalls\/wp-content\/uploads\/usu1438\/2017\/03\/IMG_2858-1024x768.jpg 1024w, https:\/\/agora.xtec.cat\/ies-viladecavalls\/wp-content\/uploads\/usu1438\/2017\/03\/IMG_2858-300x225.jpg 300w, https:\/\/agora.xtec.cat\/ies-viladecavalls\/wp-content\/uploads\/usu1438\/2017\/03\/IMG_2858-768x576.jpg 768w, https:\/\/agora.xtec.cat\/ies-viladecavalls\/wp-content\/uploads\/usu1438\/2017\/03\/IMG_2858-200x150.jpg 200w\" sizes=\"auto, (max-width: 1024px) 100vw, 1024px\" \/>Dijous, dia 23 de mar\u00e7,\u00a0en horari extraescolar de 18h fins els 22&#8217;30,\u00a0\u00a0un grup d&#8217;alumnes del\u00a0<strong>batxillerat d&#8217;arts esc\u00e8niques<\/strong>\u00a0i de l&#8217;optativa de 4 d&#8217;ESO de Teatre van anar al teatre Lliure acompanyats dels professors Jos\u00e9 Antonio Aguado i Gl\u00f2ria Colomer. Primer van visitar la Pla\u00e7a Margarida Xirgu, l&#8217;Institut del Teatre, el Mercat de les Flors i el Teatre Lliure. Despr\u00e9s van assistir a la representaci\u00f3 de l&#8217;obra <strong>FILLA DEL SEU PARE <\/strong>a partir de\u00a0<em>HEDDA GABLER<\/em>\u00a0de\u00a0<strong>HENRIK IBSEN\u00a0<\/strong>versi\u00f3<strong>\u00a0ALEIX AGUIL\u00c0<\/strong><br \/>\ndirecci\u00f3\u00a0<strong>PAU MIR\u00d3\u00a0<\/strong>cia.\u00a0<strong>COMPANYIA SOLIT\u00c0RIA<\/strong><\/p>\n","protected":false},"excerpt":{"rendered":"<p>Dijous, dia 23 de mar\u00e7,\u00a0en horari extraescolar de 18h fins els 22&#8217;30,\u00a0\u00a0un grup d&#8217;alumnes del\u00a0batxillerat d&#8217;arts esc\u00e8niques\u00a0i de l&#8217;optativa de 4 d&#8217;ESO de Teatre van anar al teatre Lliure acompanyats dels professors Jos\u00e9 Antonio Aguado i Gl\u00f2ria Colomer. Primer van visitar la Pla\u00e7a Margarida Xirgu,&hellip;  <a href=\"https:\/\/agora.xtec.cat\/ies-viladecavalls\/eso\/sortida-al-teatre\/\" title=\"Read Sortida al teatre\">Llegeix m\u00e9s\u00bb<\/a><\/p>\n","protected":false},"author":4,"featured_media":720,"comment_status":"open","ping_status":"open","sticky":false,"template":"","format":"standard","meta":{"_bbp_topic_count":0,"_bbp_reply_count":0,"_bbp_total_topic_count":0,"_bbp_total_reply_count":0,"_bbp_voice_count":0,"_bbp_anonymous_reply_count":0,"_bbp_topic_count_hidden":0,"_bbp_reply_count_hidden":0,"_bbp_forum_subforum_count":0,"footnotes":""},"categories":[8,3,29],"tags":[],"class_list":["post-713","post","type-post","status-publish","format-standard","has-post-thumbnail","hentry","category-batxillerat","category-eso","category-portada"],"post_mailing_queue_ids":[],"_links":{"self":[{"href":"https:\/\/agora.xtec.cat\/ies-viladecavalls\/wp-json\/wp\/v2\/posts\/713","targetHints":{"allow":["GET"]}}],"collection":[{"href":"https:\/\/agora.xtec.cat\/ies-viladecavalls\/wp-json\/wp\/v2\/posts"}],"about":[{"href":"https:\/\/agora.xtec.cat\/ies-viladecavalls\/wp-json\/wp\/v2\/types\/post"}],"author":[{"embeddable":true,"href":"https:\/\/agora.xtec.cat\/ies-viladecavalls\/wp-json\/wp\/v2\/users\/4"}],"replies":[{"embeddable":true,"href":"https:\/\/agora.xtec.cat\/ies-viladecavalls\/wp-json\/wp\/v2\/comments?post=713"}],"version-history":[{"count":2,"href":"https:\/\/agora.xtec.cat\/ies-viladecavalls\/wp-json\/wp\/v2\/posts\/713\/revisions"}],"predecessor-version":[{"id":721,"href":"https:\/\/agora.xtec.cat\/ies-viladecavalls\/wp-json\/wp\/v2\/posts\/713\/revisions\/721"}],"wp:featuredmedia":[{"embeddable":true,"href":"https:\/\/agora.xtec.cat\/ies-viladecavalls\/wp-json\/wp\/v2\/media\/720"}],"wp:attachment":[{"href":"https:\/\/agora.xtec.cat\/ies-viladecavalls\/wp-json\/wp\/v2\/media?parent=713"}],"wp:term":[{"taxonomy":"category","embeddable":true,"href":"https:\/\/agora.xtec.cat\/ies-viladecavalls\/wp-json\/wp\/v2\/categories?post=713"},{"taxonomy":"post_tag","embeddable":true,"href":"https:\/\/agora.xtec.cat\/ies-viladecavalls\/wp-json\/wp\/v2\/tags?post=713"}],"curies":[{"name":"wp","href":"https:\/\/api.w.org\/{rel}","templated":true}]}}