{"id":696,"date":"2017-03-22T13:47:32","date_gmt":"2017-03-22T12:47:32","guid":{"rendered":"http:\/\/agora.xtec.cat\/ies-viladecavalls\/?p=696"},"modified":"2017-03-22T22:35:48","modified_gmt":"2017-03-22T21:35:48","slug":"estada-linguistica-a-montpellier","status":"publish","type":"post","link":"https:\/\/agora.xtec.cat\/ies-viladecavalls\/general\/estada-linguistica-a-montpellier\/","title":{"rendered":"Estada ling\u00fc\u00edstica a Montpellier"},"content":{"rendered":"<p>Un grup d&#8217;alumnes de 2n i 3r\u00a0 d&#8217;ESO i tres professors del nostre institut es troben a Montpellier gaudint d&#8217;una estada ling\u00fc\u00edstica. Durant una setmana, conviuen amb fam\u00edlies de la localitat, fan classes de franc\u00e8s al mat\u00ed i a la tarda realitzen les activitats que el professorat ha dissenyat per ells. Podeu trobar m\u00e9s imatges <a href=\"https:\/\/blocs.xtec.cat\/montpellier2017\/\">aqu\u00ed.<\/a><\/p>\n<p><a href=\"http:\/\/agora.xtec.cat\/ies-viladecavalls\/wp-content\/uploads\/usu1438\/2017\/03\/IMG_5676.jpg\"><img loading=\"lazy\" decoding=\"async\" class=\"alignleft size-large wp-image-697\" src=\"http:\/\/agora.xtec.cat\/ies-viladecavalls\/wp-content\/uploads\/usu1438\/2017\/03\/IMG_5676-1024x682.jpg\" alt=\"img_5676\" width=\"1024\" height=\"682\" srcset=\"https:\/\/agora.xtec.cat\/ies-viladecavalls\/wp-content\/uploads\/usu1438\/2017\/03\/IMG_5676-1024x682.jpg 1024w, https:\/\/agora.xtec.cat\/ies-viladecavalls\/wp-content\/uploads\/usu1438\/2017\/03\/IMG_5676-300x200.jpg 300w, https:\/\/agora.xtec.cat\/ies-viladecavalls\/wp-content\/uploads\/usu1438\/2017\/03\/IMG_5676-768x512.jpg 768w, https:\/\/agora.xtec.cat\/ies-viladecavalls\/wp-content\/uploads\/usu1438\/2017\/03\/IMG_5676.jpg 1280w\" sizes=\"auto, (max-width: 1024px) 100vw, 1024px\" \/><\/a><\/p>\n<p><span style=\"border-radius: 2px; text-indent: 20px; width: auto; padding: 0px 4px 0px 0px; text-align: center; font: bold 11px\/20px 'Helvetica Neue',Helvetica,sans-serif; color: #ffffff; background: #bd081c no-repeat scroll 3px 50% \/ 14px 14px; position: absolute; opacity: 1; z-index: 8675309; display: none; cursor: pointer;\">Save<\/span><\/p>\n<p><span style=\"border-radius: 2px; text-indent: 20px; width: auto; padding: 0px 4px 0px 0px; text-align: center; font: bold 11px\/20px 'Helvetica Neue',Helvetica,sans-serif; color: #ffffff; background: #bd081c  no-repeat scroll 3px 50% \/ 14px 14px; position: absolute; opacity: 1; z-index: 8675309; display: none; cursor: pointer;\">Save<\/span><\/p>\n","protected":false},"excerpt":{"rendered":"<p>Un grup d&#8217;alumnes de 2n i 3r\u00a0 d&#8217;ESO i tres professors del nostre institut es troben a Montpellier gaudint d&#8217;una estada ling\u00fc\u00edstica. Durant una setmana, conviuen amb fam\u00edlies de la localitat, fan classes de franc\u00e8s al mat\u00ed i a la tarda realitzen les activitats que&hellip;  <a href=\"https:\/\/agora.xtec.cat\/ies-viladecavalls\/general\/estada-linguistica-a-montpellier\/\" title=\"Read Estada ling\u00fc\u00edstica a Montpellier\">Llegeix m\u00e9s\u00bb<\/a><\/p>\n","protected":false},"author":3,"featured_media":697,"comment_status":"open","ping_status":"open","sticky":false,"template":"","format":"standard","meta":{"_bbp_topic_count":0,"_bbp_reply_count":0,"_bbp_total_topic_count":0,"_bbp_total_reply_count":0,"_bbp_voice_count":0,"_bbp_anonymous_reply_count":0,"_bbp_topic_count_hidden":0,"_bbp_reply_count_hidden":0,"_bbp_forum_subforum_count":0,"footnotes":""},"categories":[3,1,29],"tags":[],"class_list":["post-696","post","type-post","status-publish","format-standard","has-post-thumbnail","hentry","category-eso","category-general","category-portada"],"post_mailing_queue_ids":[],"_links":{"self":[{"href":"https:\/\/agora.xtec.cat\/ies-viladecavalls\/wp-json\/wp\/v2\/posts\/696","targetHints":{"allow":["GET"]}}],"collection":[{"href":"https:\/\/agora.xtec.cat\/ies-viladecavalls\/wp-json\/wp\/v2\/posts"}],"about":[{"href":"https:\/\/agora.xtec.cat\/ies-viladecavalls\/wp-json\/wp\/v2\/types\/post"}],"author":[{"embeddable":true,"href":"https:\/\/agora.xtec.cat\/ies-viladecavalls\/wp-json\/wp\/v2\/users\/3"}],"replies":[{"embeddable":true,"href":"https:\/\/agora.xtec.cat\/ies-viladecavalls\/wp-json\/wp\/v2\/comments?post=696"}],"version-history":[{"count":3,"href":"https:\/\/agora.xtec.cat\/ies-viladecavalls\/wp-json\/wp\/v2\/posts\/696\/revisions"}],"predecessor-version":[{"id":702,"href":"https:\/\/agora.xtec.cat\/ies-viladecavalls\/wp-json\/wp\/v2\/posts\/696\/revisions\/702"}],"wp:featuredmedia":[{"embeddable":true,"href":"https:\/\/agora.xtec.cat\/ies-viladecavalls\/wp-json\/wp\/v2\/media\/697"}],"wp:attachment":[{"href":"https:\/\/agora.xtec.cat\/ies-viladecavalls\/wp-json\/wp\/v2\/media?parent=696"}],"wp:term":[{"taxonomy":"category","embeddable":true,"href":"https:\/\/agora.xtec.cat\/ies-viladecavalls\/wp-json\/wp\/v2\/categories?post=696"},{"taxonomy":"post_tag","embeddable":true,"href":"https:\/\/agora.xtec.cat\/ies-viladecavalls\/wp-json\/wp\/v2\/tags?post=696"}],"curies":[{"name":"wp","href":"https:\/\/api.w.org\/{rel}","templated":true}]}}