{"id":692,"date":"2017-03-19T16:48:35","date_gmt":"2017-03-19T15:48:35","guid":{"rendered":"http:\/\/agora.xtec.cat\/ies-viladecavalls\/?p=692"},"modified":"2017-03-19T16:56:03","modified_gmt":"2017-03-19T15:56:03","slug":"educacio-vial-2017","status":"publish","type":"post","link":"https:\/\/agora.xtec.cat\/ies-viladecavalls\/general\/educacio-vial-2017\/","title":{"rendered":"Educaci\u00f3 Vial 2017"},"content":{"rendered":"<p>Fa quatre anys el <em>batxillerat d\u00b4Arts Esc\u00e8niques de l\u00b4INS de Viladecavalls<\/em> va engegar una tasca de col\u00b7laboraci\u00f3 amb la <em>Policia Municipal de Viladecavalls<\/em> per tal de fer un espectacle de Pallassos sobre l\u2019<em>educaci\u00f3 vi\u00e0ria<\/em>. R\u00e0pidament vam comptar amb el suport de la regiduria de cultura i d\u2019educaci\u00f3 de l\u2019Ajuntament i de les dues escoles del poble i el seu professorat.<\/p>\n<p><img loading=\"lazy\" decoding=\"async\" class=\"alignnone wp-image-693\" src=\"http:\/\/agora.xtec.cat\/ies-viladecavalls\/wp-content\/uploads\/usu1438\/2017\/03\/IMG_6071-2-1024x683.jpg\" alt=\"img_6071-2\" width=\"561\" height=\"374\" srcset=\"https:\/\/agora.xtec.cat\/ies-viladecavalls\/wp-content\/uploads\/usu1438\/2017\/03\/IMG_6071-2.jpg 1024w, https:\/\/agora.xtec.cat\/ies-viladecavalls\/wp-content\/uploads\/usu1438\/2017\/03\/IMG_6071-2-300x200.jpg 300w, https:\/\/agora.xtec.cat\/ies-viladecavalls\/wp-content\/uploads\/usu1438\/2017\/03\/IMG_6071-2-768x512.jpg 768w\" sizes=\"auto, (max-width: 561px) 100vw, 561px\" \/><\/p>\n<p>Aquest any hem incorporat els m\u00fasics del <em>CEM, <\/em>Escola de m\u00fasica de grau professional,\u00a0 dirigits pel seu professor, Nuno Memdes<em>.\u00a0 <\/em>La primera sessi\u00f3 va ser el passat divendres 17, a les 15\u00b430 h., a l\u2019Escola de M\u00fasica de Viladecavalls, i es va fer per als alumnes de l\u00b4escola Rosella.\u00a0 El dilluns 27 d\u00b4aquest mes de mar\u00e7 farem la segona representaci\u00f3 per als alumnes de l\u2019escola Roc Blanc al Centre C\u00edvic Paco Cano.<\/p>\n<p><iframe loading=\"lazy\" title=\"Educaci\u00f3 vial 2017\" width=\"500\" height=\"281\" src=\"https:\/\/www.youtube.com\/embed\/Ez89DxDpDIg?feature=oembed\" frameborder=\"0\" allow=\"accelerometer; autoplay; clipboard-write; encrypted-media; gyroscope; picture-in-picture; web-share\" referrerpolicy=\"strict-origin-when-cross-origin\" allowfullscreen><\/iframe><\/p>\n","protected":false},"excerpt":{"rendered":"<p>Fa quatre anys el batxillerat d\u00b4Arts Esc\u00e8niques de l\u00b4INS de Viladecavalls va engegar una tasca de col\u00b7laboraci\u00f3 amb la Policia Municipal de Viladecavalls per tal de fer un espectacle de Pallassos sobre l\u2019educaci\u00f3 vi\u00e0ria. R\u00e0pidament vam comptar amb el suport de la regiduria de cultura&hellip;  <a href=\"https:\/\/agora.xtec.cat\/ies-viladecavalls\/general\/educacio-vial-2017\/\" title=\"Read Educaci\u00f3 Vial 2017\">Llegeix m\u00e9s\u00bb<\/a><\/p>\n","protected":false},"author":4,"featured_media":693,"comment_status":"open","ping_status":"open","sticky":false,"template":"","format":"standard","meta":{"_bbp_topic_count":0,"_bbp_reply_count":0,"_bbp_total_topic_count":0,"_bbp_total_reply_count":0,"_bbp_voice_count":0,"_bbp_anonymous_reply_count":0,"_bbp_topic_count_hidden":0,"_bbp_reply_count_hidden":0,"_bbp_forum_subforum_count":0,"footnotes":""},"categories":[8,1,29],"tags":[],"class_list":["post-692","post","type-post","status-publish","format-standard","has-post-thumbnail","hentry","category-batxillerat","category-general","category-portada"],"post_mailing_queue_ids":[],"_links":{"self":[{"href":"https:\/\/agora.xtec.cat\/ies-viladecavalls\/wp-json\/wp\/v2\/posts\/692","targetHints":{"allow":["GET"]}}],"collection":[{"href":"https:\/\/agora.xtec.cat\/ies-viladecavalls\/wp-json\/wp\/v2\/posts"}],"about":[{"href":"https:\/\/agora.xtec.cat\/ies-viladecavalls\/wp-json\/wp\/v2\/types\/post"}],"author":[{"embeddable":true,"href":"https:\/\/agora.xtec.cat\/ies-viladecavalls\/wp-json\/wp\/v2\/users\/4"}],"replies":[{"embeddable":true,"href":"https:\/\/agora.xtec.cat\/ies-viladecavalls\/wp-json\/wp\/v2\/comments?post=692"}],"version-history":[{"count":2,"href":"https:\/\/agora.xtec.cat\/ies-viladecavalls\/wp-json\/wp\/v2\/posts\/692\/revisions"}],"predecessor-version":[{"id":695,"href":"https:\/\/agora.xtec.cat\/ies-viladecavalls\/wp-json\/wp\/v2\/posts\/692\/revisions\/695"}],"wp:featuredmedia":[{"embeddable":true,"href":"https:\/\/agora.xtec.cat\/ies-viladecavalls\/wp-json\/wp\/v2\/media\/693"}],"wp:attachment":[{"href":"https:\/\/agora.xtec.cat\/ies-viladecavalls\/wp-json\/wp\/v2\/media?parent=692"}],"wp:term":[{"taxonomy":"category","embeddable":true,"href":"https:\/\/agora.xtec.cat\/ies-viladecavalls\/wp-json\/wp\/v2\/categories?post=692"},{"taxonomy":"post_tag","embeddable":true,"href":"https:\/\/agora.xtec.cat\/ies-viladecavalls\/wp-json\/wp\/v2\/tags?post=692"}],"curies":[{"name":"wp","href":"https:\/\/api.w.org\/{rel}","templated":true}]}}