{"id":684,"date":"2017-03-17T08:30:09","date_gmt":"2017-03-17T07:30:09","guid":{"rendered":"http:\/\/agora.xtec.cat\/ies-viladecavalls\/?p=684"},"modified":"2017-03-28T14:13:18","modified_gmt":"2017-03-28T12:13:18","slug":"proves-cangur","status":"publish","type":"post","link":"https:\/\/agora.xtec.cat\/ies-viladecavalls\/general\/proves-cangur\/","title":{"rendered":"Proves Cangur"},"content":{"rendered":"<p style=\"text-align: justify;\">Aquest dijous 16 de mar\u00e7 els nostres alumnes han realitzat les Proves Cangur,\u00a0 un concurs organitzat per la Societat Catalana de Matem\u00e0tiques amb la col\u00b7laboraci\u00f3 del Departament d&#8217;Ensenyament, amb l&#8217;objectiu d&#8217;ajudar a combatre la idea que les matem\u00e0tiques s\u00f3n pesades i avorrides. Els alumnes de quart i batxillerat han realitzat la prova al Campus de la UPC a Terrassa.<\/p>\n<p><img loading=\"lazy\" decoding=\"async\" class=\"alignnone wp-image-686\" src=\"http:\/\/agora.xtec.cat\/ies-viladecavalls\/wp-content\/uploads\/usu1438\/2017\/03\/IMG-20170317-WA00001-1024x577.jpg\" alt=\"img-20170317-wa00001\" width=\"417\" height=\"235\" srcset=\"https:\/\/agora.xtec.cat\/ies-viladecavalls\/wp-content\/uploads\/usu1438\/2017\/03\/IMG-20170317-WA00001-1024x577.jpg 1024w, https:\/\/agora.xtec.cat\/ies-viladecavalls\/wp-content\/uploads\/usu1438\/2017\/03\/IMG-20170317-WA00001-300x169.jpg 300w, https:\/\/agora.xtec.cat\/ies-viladecavalls\/wp-content\/uploads\/usu1438\/2017\/03\/IMG-20170317-WA00001-768x432.jpg 768w, https:\/\/agora.xtec.cat\/ies-viladecavalls\/wp-content\/uploads\/usu1438\/2017\/03\/IMG-20170317-WA00001.jpg 1600w\" sizes=\"auto, (max-width: 417px) 100vw, 417px\" \/><\/p>\n<p style=\"text-align: justify;\">Al canal TerrrassaTV podeu veure el reportatge de la jornada, on surten alumnes del centre i una entrevista al Xavi Oca, professor de matem\u00e0tiques del nostre institut.<\/p>\n<p><a href=\"http:\/\/www.terrassadigital.cat\/detall_actualitat\/33709\/mes\/estudiants\/valles\/han\/fet\/proves\/cangur\/leseiaat.html#.WMuQSme1vct\">http:\/\/www.terrassadigital.cat\/detall_actualitat\/33709\/mes\/estudiants\/valles\/han\/fet\/proves\/cangur\/leseiaat.html#.WMuQSme1vct<\/a><\/p>\n<p>&nbsp;<\/p>\n","protected":false},"excerpt":{"rendered":"<p>Aquest dijous 16 de mar\u00e7 els nostres alumnes han realitzat les Proves Cangur,\u00a0 un concurs organitzat per la Societat Catalana de Matem\u00e0tiques amb la col\u00b7laboraci\u00f3 del Departament d&#8217;Ensenyament, amb l&#8217;objectiu d&#8217;ajudar a combatre la idea que les matem\u00e0tiques s\u00f3n pesades i avorrides. Els alumnes de&hellip;  <a href=\"https:\/\/agora.xtec.cat\/ies-viladecavalls\/general\/proves-cangur\/\" title=\"Read Proves Cangur\">Llegeix m\u00e9s\u00bb<\/a><\/p>\n","protected":false},"author":4,"featured_media":686,"comment_status":"open","ping_status":"open","sticky":false,"template":"","format":"standard","meta":{"_bbp_topic_count":0,"_bbp_reply_count":0,"_bbp_total_topic_count":0,"_bbp_total_reply_count":0,"_bbp_voice_count":0,"_bbp_anonymous_reply_count":0,"_bbp_topic_count_hidden":0,"_bbp_reply_count_hidden":0,"_bbp_forum_subforum_count":0,"footnotes":""},"categories":[8,3,1,29],"tags":[],"class_list":["post-684","post","type-post","status-publish","format-standard","has-post-thumbnail","hentry","category-batxillerat","category-eso","category-general","category-portada"],"post_mailing_queue_ids":[],"_links":{"self":[{"href":"https:\/\/agora.xtec.cat\/ies-viladecavalls\/wp-json\/wp\/v2\/posts\/684","targetHints":{"allow":["GET"]}}],"collection":[{"href":"https:\/\/agora.xtec.cat\/ies-viladecavalls\/wp-json\/wp\/v2\/posts"}],"about":[{"href":"https:\/\/agora.xtec.cat\/ies-viladecavalls\/wp-json\/wp\/v2\/types\/post"}],"author":[{"embeddable":true,"href":"https:\/\/agora.xtec.cat\/ies-viladecavalls\/wp-json\/wp\/v2\/users\/4"}],"replies":[{"embeddable":true,"href":"https:\/\/agora.xtec.cat\/ies-viladecavalls\/wp-json\/wp\/v2\/comments?post=684"}],"version-history":[{"count":3,"href":"https:\/\/agora.xtec.cat\/ies-viladecavalls\/wp-json\/wp\/v2\/posts\/684\/revisions"}],"predecessor-version":[{"id":691,"href":"https:\/\/agora.xtec.cat\/ies-viladecavalls\/wp-json\/wp\/v2\/posts\/684\/revisions\/691"}],"wp:featuredmedia":[{"embeddable":true,"href":"https:\/\/agora.xtec.cat\/ies-viladecavalls\/wp-json\/wp\/v2\/media\/686"}],"wp:attachment":[{"href":"https:\/\/agora.xtec.cat\/ies-viladecavalls\/wp-json\/wp\/v2\/media?parent=684"}],"wp:term":[{"taxonomy":"category","embeddable":true,"href":"https:\/\/agora.xtec.cat\/ies-viladecavalls\/wp-json\/wp\/v2\/categories?post=684"},{"taxonomy":"post_tag","embeddable":true,"href":"https:\/\/agora.xtec.cat\/ies-viladecavalls\/wp-json\/wp\/v2\/tags?post=684"}],"curies":[{"name":"wp","href":"https:\/\/api.w.org\/{rel}","templated":true}]}}