{"id":671,"date":"2017-02-28T07:19:16","date_gmt":"2017-02-28T06:19:16","guid":{"rendered":"http:\/\/agora.xtec.cat\/ies-viladecavalls\/?p=671"},"modified":"2017-03-01T16:22:53","modified_gmt":"2017-03-01T15:22:53","slug":"esquiada-a-la-masella","status":"publish","type":"post","link":"https:\/\/agora.xtec.cat\/ies-viladecavalls\/general\/esquiada-a-la-masella\/","title":{"rendered":"ESQUIADA A LA MASELLA"},"content":{"rendered":"<p>Aquest dimarts 28 de febrer els alumnes de primer de batxillerat han realitzat activitats d&#8217;esqu\u00ed a la Masella, organitzades pel departament d&#8217;educaci\u00f3 f\u00edsica de l&#8217;institut.<\/p>\n<p><img loading=\"lazy\" decoding=\"async\" class=\"alignnone size-large wp-image-672\" src=\"http:\/\/agora.xtec.cat\/ies-viladecavalls\/wp-content\/uploads\/usu1438\/2017\/03\/IMG-20170228-WA0007-1024x575.jpg\" alt=\"img-20170228-wa0007\" width=\"1024\" height=\"575\" srcset=\"https:\/\/agora.xtec.cat\/ies-viladecavalls\/wp-content\/uploads\/usu1438\/2017\/03\/IMG-20170228-WA0007-1024x575.jpg 1024w, https:\/\/agora.xtec.cat\/ies-viladecavalls\/wp-content\/uploads\/usu1438\/2017\/03\/IMG-20170228-WA0007-300x168.jpg 300w, https:\/\/agora.xtec.cat\/ies-viladecavalls\/wp-content\/uploads\/usu1438\/2017\/03\/IMG-20170228-WA0007-768x431.jpg 768w, https:\/\/agora.xtec.cat\/ies-viladecavalls\/wp-content\/uploads\/usu1438\/2017\/03\/IMG-20170228-WA0007.jpg 1600w\" sizes=\"auto, (max-width: 1024px) 100vw, 1024px\" \/><\/p>\n","protected":false},"excerpt":{"rendered":"<p>Aquest dimarts 28 de febrer els alumnes de primer de batxillerat han realitzat activitats d&#8217;esqu\u00ed a la Masella, organitzades pel departament d&#8217;educaci\u00f3 f\u00edsica de l&#8217;institut.<\/p>\n","protected":false},"author":4,"featured_media":672,"comment_status":"open","ping_status":"open","sticky":false,"template":"","format":"standard","meta":{"_bbp_topic_count":0,"_bbp_reply_count":0,"_bbp_total_topic_count":0,"_bbp_total_reply_count":0,"_bbp_voice_count":0,"_bbp_anonymous_reply_count":0,"_bbp_topic_count_hidden":0,"_bbp_reply_count_hidden":0,"_bbp_forum_subforum_count":0,"footnotes":""},"categories":[1,29],"tags":[],"class_list":["post-671","post","type-post","status-publish","format-standard","has-post-thumbnail","hentry","category-general","category-portada"],"post_mailing_queue_ids":[],"_links":{"self":[{"href":"https:\/\/agora.xtec.cat\/ies-viladecavalls\/wp-json\/wp\/v2\/posts\/671","targetHints":{"allow":["GET"]}}],"collection":[{"href":"https:\/\/agora.xtec.cat\/ies-viladecavalls\/wp-json\/wp\/v2\/posts"}],"about":[{"href":"https:\/\/agora.xtec.cat\/ies-viladecavalls\/wp-json\/wp\/v2\/types\/post"}],"author":[{"embeddable":true,"href":"https:\/\/agora.xtec.cat\/ies-viladecavalls\/wp-json\/wp\/v2\/users\/4"}],"replies":[{"embeddable":true,"href":"https:\/\/agora.xtec.cat\/ies-viladecavalls\/wp-json\/wp\/v2\/comments?post=671"}],"version-history":[{"count":1,"href":"https:\/\/agora.xtec.cat\/ies-viladecavalls\/wp-json\/wp\/v2\/posts\/671\/revisions"}],"predecessor-version":[{"id":673,"href":"https:\/\/agora.xtec.cat\/ies-viladecavalls\/wp-json\/wp\/v2\/posts\/671\/revisions\/673"}],"wp:featuredmedia":[{"embeddable":true,"href":"https:\/\/agora.xtec.cat\/ies-viladecavalls\/wp-json\/wp\/v2\/media\/672"}],"wp:attachment":[{"href":"https:\/\/agora.xtec.cat\/ies-viladecavalls\/wp-json\/wp\/v2\/media?parent=671"}],"wp:term":[{"taxonomy":"category","embeddable":true,"href":"https:\/\/agora.xtec.cat\/ies-viladecavalls\/wp-json\/wp\/v2\/categories?post=671"},{"taxonomy":"post_tag","embeddable":true,"href":"https:\/\/agora.xtec.cat\/ies-viladecavalls\/wp-json\/wp\/v2\/tags?post=671"}],"curies":[{"name":"wp","href":"https:\/\/api.w.org\/{rel}","templated":true}]}}