{"id":628,"date":"2017-02-24T20:26:25","date_gmt":"2017-02-24T19:26:25","guid":{"rendered":"http:\/\/agora.xtec.cat\/ies-viladecavalls\/?p=628"},"modified":"2017-02-24T20:27:45","modified_gmt":"2017-02-24T19:27:45","slug":"humanistics-a-roma","status":"publish","type":"post","link":"https:\/\/agora.xtec.cat\/ies-viladecavalls\/batxillerat\/humanistics-a-roma\/","title":{"rendered":"Human\u00edstics a Roma"},"content":{"rendered":"<p>Un grup d&#8217;alumnes de 1r de batxillerat human\u00edstic acompanyats de dos professors ha anat a Roma a con\u00e8ixer d&#8217;aprop els or\u00edgens de la cultura romana. Durant aquest dies, visitaran els exemples m\u00e9s destacats de l&#8217;art rom\u00e0 que es poden trobar a la ciutat i treballaran la seva universalitzaci\u00f3 gr\u00e0cies a l&#8217;\u00fas del llat\u00ed a tots els pobles sotmesos a l&#8217;imperi rom\u00e0.<\/p>\n<p><a href=\"http:\/\/agora.xtec.cat\/ies-viladecavalls\/wp-content\/uploads\/usu1438\/2017\/02\/IMG_20170224_093738649.jpg\"><img loading=\"lazy\" decoding=\"async\" class=\"alignleft size-large wp-image-629\" src=\"http:\/\/agora.xtec.cat\/ies-viladecavalls\/wp-content\/uploads\/usu1438\/2017\/02\/IMG_20170224_093738649-1024x576.jpg\" alt=\"img_20170224_093738649\" width=\"1024\" height=\"576\" srcset=\"https:\/\/agora.xtec.cat\/ies-viladecavalls\/wp-content\/uploads\/usu1438\/2017\/02\/IMG_20170224_093738649-1024x576.jpg 1024w, https:\/\/agora.xtec.cat\/ies-viladecavalls\/wp-content\/uploads\/usu1438\/2017\/02\/IMG_20170224_093738649-300x169.jpg 300w, https:\/\/agora.xtec.cat\/ies-viladecavalls\/wp-content\/uploads\/usu1438\/2017\/02\/IMG_20170224_093738649-768x432.jpg 768w\" sizes=\"auto, (max-width: 1024px) 100vw, 1024px\" \/><\/a><\/p>\n<p><span style=\"border-radius: 2px; text-indent: 20px; width: auto; padding: 0px 4px 0px 0px; text-align: center; font: bold 11px\/20px 'Helvetica Neue',Helvetica,sans-serif; color: #ffffff; background: #bd081c  no-repeat scroll 3px 50% \/ 14px 14px; position: absolute; opacity: 1; z-index: 8675309; display: none; cursor: pointer;\">Save<\/span><\/p>\n","protected":false},"excerpt":{"rendered":"<p>Un grup d&#8217;alumnes de 1r de batxillerat human\u00edstic acompanyats de dos professors ha anat a Roma a con\u00e8ixer d&#8217;aprop els or\u00edgens de la cultura romana. Durant aquest dies, visitaran els exemples m\u00e9s destacats de l&#8217;art rom\u00e0 que es poden trobar a la ciutat i treballaran&hellip;  <a href=\"https:\/\/agora.xtec.cat\/ies-viladecavalls\/batxillerat\/humanistics-a-roma\/\" title=\"Read Human\u00edstics a Roma\">Llegeix m\u00e9s\u00bb<\/a><\/p>\n","protected":false},"author":3,"featured_media":629,"comment_status":"open","ping_status":"open","sticky":false,"template":"","format":"standard","meta":{"_bbp_topic_count":0,"_bbp_reply_count":0,"_bbp_total_topic_count":0,"_bbp_total_reply_count":0,"_bbp_voice_count":0,"_bbp_anonymous_reply_count":0,"_bbp_topic_count_hidden":0,"_bbp_reply_count_hidden":0,"_bbp_forum_subforum_count":0,"footnotes":""},"categories":[8,29],"tags":[],"class_list":["post-628","post","type-post","status-publish","format-standard","has-post-thumbnail","hentry","category-batxillerat","category-portada"],"post_mailing_queue_ids":[],"_links":{"self":[{"href":"https:\/\/agora.xtec.cat\/ies-viladecavalls\/wp-json\/wp\/v2\/posts\/628","targetHints":{"allow":["GET"]}}],"collection":[{"href":"https:\/\/agora.xtec.cat\/ies-viladecavalls\/wp-json\/wp\/v2\/posts"}],"about":[{"href":"https:\/\/agora.xtec.cat\/ies-viladecavalls\/wp-json\/wp\/v2\/types\/post"}],"author":[{"embeddable":true,"href":"https:\/\/agora.xtec.cat\/ies-viladecavalls\/wp-json\/wp\/v2\/users\/3"}],"replies":[{"embeddable":true,"href":"https:\/\/agora.xtec.cat\/ies-viladecavalls\/wp-json\/wp\/v2\/comments?post=628"}],"version-history":[{"count":2,"href":"https:\/\/agora.xtec.cat\/ies-viladecavalls\/wp-json\/wp\/v2\/posts\/628\/revisions"}],"predecessor-version":[{"id":631,"href":"https:\/\/agora.xtec.cat\/ies-viladecavalls\/wp-json\/wp\/v2\/posts\/628\/revisions\/631"}],"wp:featuredmedia":[{"embeddable":true,"href":"https:\/\/agora.xtec.cat\/ies-viladecavalls\/wp-json\/wp\/v2\/media\/629"}],"wp:attachment":[{"href":"https:\/\/agora.xtec.cat\/ies-viladecavalls\/wp-json\/wp\/v2\/media?parent=628"}],"wp:term":[{"taxonomy":"category","embeddable":true,"href":"https:\/\/agora.xtec.cat\/ies-viladecavalls\/wp-json\/wp\/v2\/categories?post=628"},{"taxonomy":"post_tag","embeddable":true,"href":"https:\/\/agora.xtec.cat\/ies-viladecavalls\/wp-json\/wp\/v2\/tags?post=628"}],"curies":[{"name":"wp","href":"https:\/\/api.w.org\/{rel}","templated":true}]}}