{"id":616,"date":"2017-02-15T19:44:25","date_gmt":"2017-02-15T18:44:25","guid":{"rendered":"http:\/\/agora.xtec.cat\/ies-viladecavalls\/?p=616"},"modified":"2017-03-02T11:34:18","modified_gmt":"2017-03-02T10:34:18","slug":"preparant-se-pel-canada","status":"publish","type":"post","link":"https:\/\/agora.xtec.cat\/ies-viladecavalls\/eso\/preparant-se-pel-canada\/","title":{"rendered":"Preparant-se pel Canad\u00e0"},"content":{"rendered":"<p style=\"text-align: justify;\"><a href=\"http:\/\/agora.xtec.cat\/ies-viladecavalls\/wp-content\/uploads\/usu1438\/2017\/02\/Carla-Rodri\u0301guez-Canet.jpg\"><img loading=\"lazy\" decoding=\"async\" class=\"alignleft size-large wp-image-617\" src=\"http:\/\/agora.xtec.cat\/ies-viladecavalls\/wp-content\/uploads\/usu1438\/2017\/02\/Carla-Rodri\u0301guez-Canet-1024x768.jpg\" alt=\"carla-rodriguez-canet\" width=\"1024\" height=\"768\" srcset=\"https:\/\/agora.xtec.cat\/ies-viladecavalls\/wp-content\/uploads\/usu1438\/2017\/02\/Carla-Rodri\u0301guez-Canet.jpg 1024w, https:\/\/agora.xtec.cat\/ies-viladecavalls\/wp-content\/uploads\/usu1438\/2017\/02\/Carla-Rodri\u0301guez-Canet-300x225.jpg 300w, https:\/\/agora.xtec.cat\/ies-viladecavalls\/wp-content\/uploads\/usu1438\/2017\/02\/Carla-Rodri\u0301guez-Canet-768x576.jpg 768w, https:\/\/agora.xtec.cat\/ies-viladecavalls\/wp-content\/uploads\/usu1438\/2017\/02\/Carla-Rodri\u0301guez-Canet-200x150.jpg 200w\" sizes=\"auto, (max-width: 1024px) 100vw, 1024px\" \/><\/a>Carla Rodr\u00edguez Canet, alumna de 4t d&#8217;ESO, ha estat seleccionada per gaudir una de les beques de la <em>Fundaci\u00f3n Amancio Ortega<\/em> amb l&#8217;objectiu de facilitar l&#8217;aprenentatge de l&#8217;angl\u00e8s i la immersi\u00f3 a la cultura del pa\u00eds d&#8217;acollida.<\/p>\n<p style=\"text-align: justify;\">Gr\u00e0cies al seu expedient acad\u00e8mic i a la superaci\u00f3 de dues proves a les que optaven m\u00e9s de 9.300 candidats de tot l&#8217;estat espanyol, la Carla marxar\u00e0 a Ontario i far\u00e0 &#8220;grade 11&#8221;, l&#8217;equivalent a 1r de Batxillerat durant el curs 2017-18. A m\u00e9s, viur\u00e0 amb una fam\u00edlia canadenca.<\/p>\n<p style=\"text-align: justify;\">\u00a0L&#8217;esfor\u00e7 i la const\u00e0ncia sempre tenen recompensa. Moltes felicitats, Carla!<\/p>\n<p><span style=\"border-radius: 2px; text-indent: 20px; width: auto; padding: 0px 4px 0px 0px; text-align: center; font: bold 11px\/20px 'Helvetica Neue',Helvetica,sans-serif; color: #ffffff; background: #bd081c no-repeat scroll 3px 50% \/ 14px 14px; position: absolute; opacity: 1; z-index: 8675309; display: none; cursor: pointer;\">Save<\/span><\/p>\n","protected":false},"excerpt":{"rendered":"<p><a href=\"http:\/\/agora.xtec.cat\/ies-viladecavalls\/wp-content\/uploads\/usu1438\/2017\/02\/Carla-Rodri\u0301guez-Canet.jpg\"><\/a>Carla Rodr\u00edguez Canet, alumna de 4t d&#8217;ESO, ha estat seleccionada per gaudir una de les beques de la Fundaci\u00f3n Amancio Ortega amb l&#8217;objectiu de facilitar l&#8217;aprenentatge de l&#8217;angl\u00e8s i la immersi\u00f3 a la cultura del pa\u00eds d&#8217;acollida.<br \/>\nGr\u00e0cies al seu expedient acad\u00e8mic i a la&hellip;  <a href=\"https:\/\/agora.xtec.cat\/ies-viladecavalls\/eso\/preparant-se-pel-canada\/\" title=\"Read Preparant-se pel Canad\u00e0\">Llegeix m\u00e9s\u00bb<\/a><\/p>\n","protected":false},"author":3,"featured_media":617,"comment_status":"open","ping_status":"open","sticky":false,"template":"","format":"standard","meta":{"_bbp_topic_count":0,"_bbp_reply_count":0,"_bbp_total_topic_count":0,"_bbp_total_reply_count":0,"_bbp_voice_count":0,"_bbp_anonymous_reply_count":0,"_bbp_topic_count_hidden":0,"_bbp_reply_count_hidden":0,"_bbp_forum_subforum_count":0,"footnotes":""},"categories":[8,3,29],"tags":[],"class_list":["post-616","post","type-post","status-publish","format-standard","has-post-thumbnail","hentry","category-batxillerat","category-eso","category-portada"],"post_mailing_queue_ids":[],"_links":{"self":[{"href":"https:\/\/agora.xtec.cat\/ies-viladecavalls\/wp-json\/wp\/v2\/posts\/616","targetHints":{"allow":["GET"]}}],"collection":[{"href":"https:\/\/agora.xtec.cat\/ies-viladecavalls\/wp-json\/wp\/v2\/posts"}],"about":[{"href":"https:\/\/agora.xtec.cat\/ies-viladecavalls\/wp-json\/wp\/v2\/types\/post"}],"author":[{"embeddable":true,"href":"https:\/\/agora.xtec.cat\/ies-viladecavalls\/wp-json\/wp\/v2\/users\/3"}],"replies":[{"embeddable":true,"href":"https:\/\/agora.xtec.cat\/ies-viladecavalls\/wp-json\/wp\/v2\/comments?post=616"}],"version-history":[{"count":3,"href":"https:\/\/agora.xtec.cat\/ies-viladecavalls\/wp-json\/wp\/v2\/posts\/616\/revisions"}],"predecessor-version":[{"id":623,"href":"https:\/\/agora.xtec.cat\/ies-viladecavalls\/wp-json\/wp\/v2\/posts\/616\/revisions\/623"}],"wp:featuredmedia":[{"embeddable":true,"href":"https:\/\/agora.xtec.cat\/ies-viladecavalls\/wp-json\/wp\/v2\/media\/617"}],"wp:attachment":[{"href":"https:\/\/agora.xtec.cat\/ies-viladecavalls\/wp-json\/wp\/v2\/media?parent=616"}],"wp:term":[{"taxonomy":"category","embeddable":true,"href":"https:\/\/agora.xtec.cat\/ies-viladecavalls\/wp-json\/wp\/v2\/categories?post=616"},{"taxonomy":"post_tag","embeddable":true,"href":"https:\/\/agora.xtec.cat\/ies-viladecavalls\/wp-json\/wp\/v2\/tags?post=616"}],"curies":[{"name":"wp","href":"https:\/\/api.w.org\/{rel}","templated":true}]}}