{"id":559,"date":"2017-02-01T20:44:50","date_gmt":"2017-02-01T19:44:50","guid":{"rendered":"http:\/\/agora.xtec.cat\/ies-viladecavalls\/?p=559"},"modified":"2017-02-02T16:55:57","modified_gmt":"2017-02-02T15:55:57","slug":"setmana-de-la-historia","status":"publish","type":"post","link":"https:\/\/agora.xtec.cat\/ies-viladecavalls\/general\/setmana-de-la-historia\/","title":{"rendered":"Setmana de la Hist\u00f2ria"},"content":{"rendered":"<h6>El Departament d&#8217;Hist\u00f2ria ha organitzat aquest any &#8220;La Setmana de la Hist\u00f2ria&#8221; a l&#8217;Institut que consisteix en un conjunt d&#8217;activitats engrescadores i complement\u00e0ries a les que fem a l&#8217;aula.<\/h6>\n<h6>Els de 1r d&#8217;ESO van fer uns tallers de Prehist\u00f2ria al centre, on van elaborar penjolls, peces de cer\u00e0mica, van fer un mural amb pintures rupestres, van veure com eren les eines de s\u00edlex i van disparar les fletxes contra un \u00f3s com si fossin guerrers del Paleol\u00edtic.\u00a0 Val a dir que les noies van demostrar tenir m\u00e9s punteria!!<\/h6>\n<h6>Els de 2n d&#8217;ESO van fer una sortida al Monestir de Sant Benet al Bages per visitar totes les seves instal\u00b7lacions: esgl\u00e9sia, claustre, cuines&#8230; i a m\u00e9s d&#8217;escoltar les explicacions de la monitora van veure uns audiovisuals i oleografies que ens van impressionar.\u00a0 Despr\u00e9s van assistir a un taller on a trav\u00e9s d&#8217;uns enigmes, l&#8217;observaci\u00f3 d&#8217;unes pistes de l&#8217;exterior de l&#8217;esgl\u00e9sia, van poder desxifrar i deduir les imatges d&#8217;unes l\u00e0mines que ens remetien a passatges estrets de documents trobats al Monestir.<\/h6>\n<h6 class=\"gmail_quote\">\r\n\t<div class=\"slideshow_container slideshow_container_style-light\" style=\"height: 275px; \" data-slideshow-id=\"558\" data-style-name=\"style-light\" data-style-version=\"2.3.1\" >\r\n\r\n\t\t\t\t\t<div class=\"slideshow_loading_icon\"><\/div>\r\n\t\t\r\n\t\t<div class=\"slideshow_content\" style=\"display: none;\">\r\n\r\n\t\t\t<div class=\"slideshow_view\">\r\n\t\t\t\t<div class=\"slideshow_slide slideshow_slide_image\">\r\n\t\t\t\t\t\t\t\t\t\t\t<img src=\"https:\/\/agora.xtec.cat\/ies-viladecavalls\/wp-content\/uploads\/usu1438\/2017\/02\/Foto-25-1-17-19-50-16.jpg\" alt=\"foto-25-1-17-19-50-16\" width=\"1600\" height=\"1195\" \/>\r\n\t\t\t\t\t\t\t\t\t\t<div class=\"slideshow_description_box slideshow_transparent\">\r\n\t\t\t\t\t\t<div class=\"slideshow_title\">foto-25-1-17-19-50-16<\/div>\t\t\t\t\t\t\t\t\t\t\t<\/div>\r\n\t\t\t\t<\/div>\r\n\r\n\t\t\t\t\t\t<div style=\"clear: both;\"><\/div><\/div><div class=\"slideshow_view\">\r\n\t\t\t\t<div class=\"slideshow_slide slideshow_slide_image\">\r\n\t\t\t\t\t\t\t\t\t\t\t<img src=\"https:\/\/agora.xtec.cat\/ies-viladecavalls\/wp-content\/uploads\/usu1438\/2017\/02\/Foto-25-1-17-19-49-58.jpg\" alt=\"foto-25-1-17-19-49-58\" width=\"1600\" height=\"1195\" \/>\r\n\t\t\t\t\t\t\t\t\t\t<div class=\"slideshow_description_box slideshow_transparent\">\r\n\t\t\t\t\t\t<div class=\"slideshow_title\">foto-25-1-17-19-49-58<\/div>\t\t\t\t\t\t\t\t\t\t\t<\/div>\r\n\t\t\t\t<\/div>\r\n\r\n\t\t\t\t\t\t<div style=\"clear: both;\"><\/div><\/div><div class=\"slideshow_view\">\r\n\t\t\t\t<div class=\"slideshow_slide slideshow_slide_image\">\r\n\t\t\t\t\t\t\t\t\t\t\t<img src=\"https:\/\/agora.xtec.cat\/ies-viladecavalls\/wp-content\/uploads\/usu1438\/2017\/02\/Foto-25-1-17-19-49-50.jpg\" alt=\"foto-25-1-17-19-49-50\" width=\"1195\" height=\"1600\" \/>\r\n\t\t\t\t\t\t\t\t\t\t<div class=\"slideshow_description_box slideshow_transparent\">\r\n\t\t\t\t\t\t<div class=\"slideshow_title\">foto-25-1-17-19-49-50<\/div>\t\t\t\t\t\t\t\t\t\t\t<\/div>\r\n\t\t\t\t<\/div>\r\n\r\n\t\t\t\t\t\t<div style=\"clear: both;\"><\/div><\/div><div class=\"slideshow_view\">\r\n\t\t\t\t<div class=\"slideshow_slide slideshow_slide_image\">\r\n\t\t\t\t\t\t\t\t\t\t\t<img src=\"https:\/\/agora.xtec.cat\/ies-viladecavalls\/wp-content\/uploads\/usu1438\/2017\/02\/Foto-25-1-17-19-49-46.jpg\" alt=\"foto-25-1-17-19-49-46\" width=\"1600\" height=\"1195\" \/>\r\n\t\t\t\t\t\t\t\t\t\t<div class=\"slideshow_description_box slideshow_transparent\">\r\n\t\t\t\t\t\t<div class=\"slideshow_title\">foto-25-1-17-19-49-46<\/div>\t\t\t\t\t\t\t\t\t\t\t<\/div>\r\n\t\t\t\t<\/div>\r\n\r\n\t\t\t\t\t\t<div style=\"clear: both;\"><\/div><\/div><div class=\"slideshow_view\">\r\n\t\t\t\t<div class=\"slideshow_slide slideshow_slide_image\">\r\n\t\t\t\t\t\t\t\t\t\t\t<img src=\"https:\/\/agora.xtec.cat\/ies-viladecavalls\/wp-content\/uploads\/usu1438\/2017\/02\/Foto-25-1-17-19-49-20.jpg\" alt=\"foto-25-1-17-19-49-20\" width=\"1600\" height=\"1195\" \/>\r\n\t\t\t\t\t\t\t\t\t\t<div class=\"slideshow_description_box slideshow_transparent\">\r\n\t\t\t\t\t\t<div class=\"slideshow_title\">foto-25-1-17-19-49-20<\/div>\t\t\t\t\t\t\t\t\t\t\t<\/div>\r\n\t\t\t\t<\/div>\r\n\r\n\t\t\t\t\t\t<div style=\"clear: both;\"><\/div><\/div><div class=\"slideshow_view\">\r\n\t\t\t\t<div class=\"slideshow_slide slideshow_slide_image\">\r\n\t\t\t\t\t\t\t\t\t\t\t<img src=\"https:\/\/agora.xtec.cat\/ies-viladecavalls\/wp-content\/uploads\/usu1438\/2017\/02\/Foto-25-1-17-19-51-01.jpg\" alt=\"foto-25-1-17-19-51-01\" width=\"1600\" height=\"1195\" \/>\r\n\t\t\t\t\t\t\t\t\t\t<div class=\"slideshow_description_box slideshow_transparent\">\r\n\t\t\t\t\t\t<div class=\"slideshow_title\">foto-25-1-17-19-51-01<\/div>\t\t\t\t\t\t\t\t\t\t\t<\/div>\r\n\t\t\t\t<\/div>\r\n\r\n\t\t\t\t\t\t<div style=\"clear: both;\"><\/div><\/div>\r\n\t\t<\/div>\r\n\r\n\t\t<div class=\"slideshow_controlPanel slideshow_transparent\" style=\"display: none;\"><ul><li class=\"slideshow_togglePlay\" data-play-text=\"Visualitza\" data-pause-text=\"Pausa\"><\/li><\/ul><\/div>\r\n\r\n\t\t<div class=\"slideshow_button slideshow_previous slideshow_transparent\" role=\"button\" data-previous-text=\"Anterior\" style=\"display: none;\"><\/div>\r\n\t\t<div class=\"slideshow_button slideshow_next slideshow_transparent\" role=\"button\" data-next-text=\"Seg\u00fcent\" style=\"display: none;\"><\/div>\r\n\r\n\t\t<div class=\"slideshow_pagination\" style=\"display: none;\" data-go-to-text=\"V\u00e9s a la diapositiva\"><div class=\"slideshow_pagination_center\"><\/div><\/div>\r\n\r\n\t\t<!-- WordPress Slideshow Version 2.3.1 -->\r\n\r\n\t\t\t<\/div>\r\n\r\n<\/h6>\n<h6 class=\"gmail_quote\">Finalment els de 3r, 4t i Batxillerat han treballat el tema de l&#8217;Holocaust jueu a trav\u00e9s d&#8217;una exposici\u00f3 instal\u00b7lada a la Biblioteca del poble sobre la \u00a0&#8220;Shoah: qu\u00e8, qui, com i per qu\u00e8&#8221;.\u00a0 Tamb\u00e9 alumnes i professors voluntaris van poder assistir a una xerrada sobre el tema feta per Xavier Torrens, l&#8217;art\u00edfex d&#8217;aquesta exposici\u00f3.<\/h6>\n<h6 class=\"gmail_quote\">Amb totes aquestes activitats hem engegat aquest any &#8220;La Setmana de la Hist\u00f2ria&#8221; i esperem que pugui tenir continu\u00eftat en els propers cursos.<\/h6>\n","protected":false},"excerpt":{"rendered":"<p>El Departament d&#8217;Hist\u00f2ria ha organitzat aquest any &#8220;La Setmana de la Hist\u00f2ria&#8221; a l&#8217;Institut que consisteix en un conjunt d&#8217;activitats engrescadores i complement\u00e0ries a les que fem a l&#8217;aula.<br \/>\nEls de 1r d&#8217;ESO van fer uns tallers de Prehist\u00f2ria al centre, on van elaborar penjolls, peces&hellip;  <a href=\"https:\/\/agora.xtec.cat\/ies-viladecavalls\/general\/setmana-de-la-historia\/\" title=\"Read Setmana de la Hist\u00f2ria\">Llegeix m\u00e9s\u00bb<\/a><\/p>\n","protected":false},"author":4,"featured_media":571,"comment_status":"open","ping_status":"open","sticky":false,"template":"","format":"standard","meta":{"_bbp_topic_count":0,"_bbp_reply_count":0,"_bbp_total_topic_count":0,"_bbp_total_reply_count":0,"_bbp_voice_count":0,"_bbp_anonymous_reply_count":0,"_bbp_topic_count_hidden":0,"_bbp_reply_count_hidden":0,"_bbp_forum_subforum_count":0,"footnotes":""},"categories":[3,1,29],"tags":[],"class_list":["post-559","post","type-post","status-publish","format-standard","has-post-thumbnail","hentry","category-eso","category-general","category-portada"],"post_mailing_queue_ids":[],"_links":{"self":[{"href":"https:\/\/agora.xtec.cat\/ies-viladecavalls\/wp-json\/wp\/v2\/posts\/559","targetHints":{"allow":["GET"]}}],"collection":[{"href":"https:\/\/agora.xtec.cat\/ies-viladecavalls\/wp-json\/wp\/v2\/posts"}],"about":[{"href":"https:\/\/agora.xtec.cat\/ies-viladecavalls\/wp-json\/wp\/v2\/types\/post"}],"author":[{"embeddable":true,"href":"https:\/\/agora.xtec.cat\/ies-viladecavalls\/wp-json\/wp\/v2\/users\/4"}],"replies":[{"embeddable":true,"href":"https:\/\/agora.xtec.cat\/ies-viladecavalls\/wp-json\/wp\/v2\/comments?post=559"}],"version-history":[{"count":3,"href":"https:\/\/agora.xtec.cat\/ies-viladecavalls\/wp-json\/wp\/v2\/posts\/559\/revisions"}],"predecessor-version":[{"id":586,"href":"https:\/\/agora.xtec.cat\/ies-viladecavalls\/wp-json\/wp\/v2\/posts\/559\/revisions\/586"}],"wp:featuredmedia":[{"embeddable":true,"href":"https:\/\/agora.xtec.cat\/ies-viladecavalls\/wp-json\/wp\/v2\/media\/571"}],"wp:attachment":[{"href":"https:\/\/agora.xtec.cat\/ies-viladecavalls\/wp-json\/wp\/v2\/media?parent=559"}],"wp:term":[{"taxonomy":"category","embeddable":true,"href":"https:\/\/agora.xtec.cat\/ies-viladecavalls\/wp-json\/wp\/v2\/categories?post=559"},{"taxonomy":"post_tag","embeddable":true,"href":"https:\/\/agora.xtec.cat\/ies-viladecavalls\/wp-json\/wp\/v2\/tags?post=559"}],"curies":[{"name":"wp","href":"https:\/\/api.w.org\/{rel}","templated":true}]}}