{"id":456,"date":"2016-12-21T00:09:34","date_gmt":"2016-12-20T23:09:34","guid":{"rendered":"http:\/\/agora.xtec.cat\/ies-viladecavalls\/?p=456"},"modified":"2017-01-25T09:45:11","modified_gmt":"2017-01-25T08:45:11","slug":"lampa-ens-ajuda-amb-lhort","status":"publish","type":"post","link":"https:\/\/agora.xtec.cat\/ies-viladecavalls\/general\/lampa-ens-ajuda-amb-lhort\/","title":{"rendered":"L&#8217;AMPA ens ajuda amb l&#8217;hort"},"content":{"rendered":"<p class=\"rtecenter\"><a href=\"http:\/\/agora.xtec.cat\/ies-viladecavalls\/wp-content\/uploads\/usu1438\/2016\/12\/HORT.jpg\"><img loading=\"lazy\" decoding=\"async\" class=\"alignnone  wp-image-525\" src=\"http:\/\/agora.xtec.cat\/ies-viladecavalls\/wp-content\/uploads\/usu1438\/2016\/12\/HORT-651x1024.jpg\" alt=\"hort\" width=\"577\" height=\"908\" srcset=\"https:\/\/agora.xtec.cat\/ies-viladecavalls\/wp-content\/uploads\/usu1438\/2016\/12\/HORT-651x1024.jpg 651w, https:\/\/agora.xtec.cat\/ies-viladecavalls\/wp-content\/uploads\/usu1438\/2016\/12\/HORT-191x300.jpg 191w, https:\/\/agora.xtec.cat\/ies-viladecavalls\/wp-content\/uploads\/usu1438\/2016\/12\/HORT-768x1208.jpg 768w\" sizes=\"auto, (max-width: 577px) 100vw, 577px\" \/><\/a><\/p>\n<p class=\"rtecenter\">Els alumnes de 3r A han pogut comen\u00e7ar les tasques d&#8217;acondicionament de l&#8217;HORT DE VILA gr\u00e0cies a l&#8217;aportaci\u00f3 econ\u00f2mica de l&#8217;AMPA i als esfor\u00e7os de professors i alumnes de 3r A. Comencem a treballar amb moltes ganes!<\/p>\n<p class=\"rtecenter\">Si creieu que podeu aportar el vostre coneixement sobre el tema, no dubteu a contactar amb nosaltres.<\/p>\n","protected":false},"excerpt":{"rendered":"<p><a href=\"http:\/\/agora.xtec.cat\/ies-viladecavalls\/wp-content\/uploads\/usu1438\/2016\/12\/HORT.jpg\"><\/a><br \/>\nEls alumnes de 3r A han pogut comen\u00e7ar les tasques d&#8217;acondicionament de l&#8217;HORT DE VILA gr\u00e0cies a l&#8217;aportaci\u00f3 econ\u00f2mica de l&#8217;AMPA i als esfor\u00e7os de professors i alumnes de 3r A. Comencem a treballar amb moltes ganes!<br \/>\nSi creieu que podeu aportar el vostre coneixement&hellip;  <a href=\"https:\/\/agora.xtec.cat\/ies-viladecavalls\/general\/lampa-ens-ajuda-amb-lhort\/\" title=\"Read L&#8217;AMPA ens ajuda amb l&#8217;hort\">Llegeix m\u00e9s\u00bb<\/a><\/p>\n","protected":false},"author":1,"featured_media":0,"comment_status":"open","ping_status":"open","sticky":false,"template":"","format":"standard","meta":{"_bbp_topic_count":0,"_bbp_reply_count":0,"_bbp_total_topic_count":0,"_bbp_total_reply_count":0,"_bbp_voice_count":0,"_bbp_anonymous_reply_count":0,"_bbp_topic_count_hidden":0,"_bbp_reply_count_hidden":0,"_bbp_forum_subforum_count":0,"footnotes":""},"categories":[1,29],"tags":[],"class_list":["post-456","post","type-post","status-publish","format-standard","hentry","category-general","category-portada"],"post_mailing_queue_ids":[],"_links":{"self":[{"href":"https:\/\/agora.xtec.cat\/ies-viladecavalls\/wp-json\/wp\/v2\/posts\/456","targetHints":{"allow":["GET"]}}],"collection":[{"href":"https:\/\/agora.xtec.cat\/ies-viladecavalls\/wp-json\/wp\/v2\/posts"}],"about":[{"href":"https:\/\/agora.xtec.cat\/ies-viladecavalls\/wp-json\/wp\/v2\/types\/post"}],"author":[{"embeddable":true,"href":"https:\/\/agora.xtec.cat\/ies-viladecavalls\/wp-json\/wp\/v2\/users\/1"}],"replies":[{"embeddable":true,"href":"https:\/\/agora.xtec.cat\/ies-viladecavalls\/wp-json\/wp\/v2\/comments?post=456"}],"version-history":[{"count":2,"href":"https:\/\/agora.xtec.cat\/ies-viladecavalls\/wp-json\/wp\/v2\/posts\/456\/revisions"}],"predecessor-version":[{"id":526,"href":"https:\/\/agora.xtec.cat\/ies-viladecavalls\/wp-json\/wp\/v2\/posts\/456\/revisions\/526"}],"wp:attachment":[{"href":"https:\/\/agora.xtec.cat\/ies-viladecavalls\/wp-json\/wp\/v2\/media?parent=456"}],"wp:term":[{"taxonomy":"category","embeddable":true,"href":"https:\/\/agora.xtec.cat\/ies-viladecavalls\/wp-json\/wp\/v2\/categories?post=456"},{"taxonomy":"post_tag","embeddable":true,"href":"https:\/\/agora.xtec.cat\/ies-viladecavalls\/wp-json\/wp\/v2\/tags?post=456"}],"curies":[{"name":"wp","href":"https:\/\/api.w.org\/{rel}","templated":true}]}}