{"id":11595,"date":"2026-04-29T19:28:36","date_gmt":"2026-04-29T17:28:36","guid":{"rendered":"https:\/\/agora.xtec.cat\/ies-viladecavalls\/?p=11595"},"modified":"2026-04-29T19:29:11","modified_gmt":"2026-04-29T17:29:11","slug":"lart-que-ens-envolta-a-2n-deso","status":"publish","type":"post","link":"https:\/\/agora.xtec.cat\/ies-viladecavalls\/portada\/lart-que-ens-envolta-a-2n-deso\/","title":{"rendered":"L&#8217;ART QUE ENS ENVOLTA&#8230; a 2n d&#8217;ESO!"},"content":{"rendered":"<p>Fa unes setmanes l&#8217;alumnat de 2n d&#8217;ESO va dur a terme un projecte sobre l&#8217;art que ens envolta i el nostre patrimoni art\u00edstic. Com a part d&#8217;aquest treball, vam visitar el MNAC i l&#8217;alumnat va fer de guia dels monuments del voltant del museu. A l&#8217;institut, van experimentar amb les IA generatives per fer una reinterpretaci\u00f3 art\u00edstica i, conjuntament, han elaborat un fris cronol\u00f2gic d&#8217;algunes de les obres d&#8217;art m\u00e9s rellevants d&#8217;Occident, el qual es podr\u00e0 veure al vest\u00edbul fins a finals de curs.<img loading=\"lazy\" decoding=\"async\" class=\"aligncenter size-large wp-image-11601\" src=\"https:\/\/agora.xtec.cat\/ies-viladecavalls\/wp-content\/uploads\/usu1438\/2026\/04\/IMG_1921-819x1024.jpeg\" alt=\"\" width=\"819\" height=\"1024\" srcset=\"https:\/\/agora.xtec.cat\/ies-viladecavalls\/wp-content\/uploads\/usu1438\/2026\/04\/IMG_1921-819x1024.jpeg 819w, https:\/\/agora.xtec.cat\/ies-viladecavalls\/wp-content\/uploads\/usu1438\/2026\/04\/IMG_1921-240x300.jpeg 240w, https:\/\/agora.xtec.cat\/ies-viladecavalls\/wp-content\/uploads\/usu1438\/2026\/04\/IMG_1921-768x960.jpeg 768w, https:\/\/agora.xtec.cat\/ies-viladecavalls\/wp-content\/uploads\/usu1438\/2026\/04\/IMG_1921-1229x1536.jpeg 1229w, https:\/\/agora.xtec.cat\/ies-viladecavalls\/wp-content\/uploads\/usu1438\/2026\/04\/IMG_1921-1638x2048.jpeg 1638w, https:\/\/agora.xtec.cat\/ies-viladecavalls\/wp-content\/uploads\/usu1438\/2026\/04\/IMG_1921-scaled.jpeg 2048w\" sizes=\"auto, (max-width: 819px) 100vw, 819px\" \/><img loading=\"lazy\" decoding=\"async\" class=\"aligncenter size-large wp-image-11597\" src=\"https:\/\/agora.xtec.cat\/ies-viladecavalls\/wp-content\/uploads\/usu1438\/2026\/04\/IMG_1917-819x1024.jpeg\" alt=\"\" width=\"819\" height=\"1024\" srcset=\"https:\/\/agora.xtec.cat\/ies-viladecavalls\/wp-content\/uploads\/usu1438\/2026\/04\/IMG_1917-819x1024.jpeg 819w, https:\/\/agora.xtec.cat\/ies-viladecavalls\/wp-content\/uploads\/usu1438\/2026\/04\/IMG_1917-240x300.jpeg 240w, https:\/\/agora.xtec.cat\/ies-viladecavalls\/wp-content\/uploads\/usu1438\/2026\/04\/IMG_1917-768x960.jpeg 768w, https:\/\/agora.xtec.cat\/ies-viladecavalls\/wp-content\/uploads\/usu1438\/2026\/04\/IMG_1917-1229x1536.jpeg 1229w, https:\/\/agora.xtec.cat\/ies-viladecavalls\/wp-content\/uploads\/usu1438\/2026\/04\/IMG_1917-1638x2048.jpeg 1638w, https:\/\/agora.xtec.cat\/ies-viladecavalls\/wp-content\/uploads\/usu1438\/2026\/04\/IMG_1917-scaled.jpeg 2048w\" sizes=\"auto, (max-width: 819px) 100vw, 819px\" \/> <img loading=\"lazy\" decoding=\"async\" class=\"aligncenter size-large wp-image-11598\" src=\"https:\/\/agora.xtec.cat\/ies-viladecavalls\/wp-content\/uploads\/usu1438\/2026\/04\/IMG_1918_1-819x1024.jpeg\" alt=\"\" width=\"819\" height=\"1024\" srcset=\"https:\/\/agora.xtec.cat\/ies-viladecavalls\/wp-content\/uploads\/usu1438\/2026\/04\/IMG_1918_1-819x1024.jpeg 819w, https:\/\/agora.xtec.cat\/ies-viladecavalls\/wp-content\/uploads\/usu1438\/2026\/04\/IMG_1918_1-240x300.jpeg 240w, https:\/\/agora.xtec.cat\/ies-viladecavalls\/wp-content\/uploads\/usu1438\/2026\/04\/IMG_1918_1-768x960.jpeg 768w, https:\/\/agora.xtec.cat\/ies-viladecavalls\/wp-content\/uploads\/usu1438\/2026\/04\/IMG_1918_1-1229x1536.jpeg 1229w, https:\/\/agora.xtec.cat\/ies-viladecavalls\/wp-content\/uploads\/usu1438\/2026\/04\/IMG_1918_1-1638x2048.jpeg 1638w, https:\/\/agora.xtec.cat\/ies-viladecavalls\/wp-content\/uploads\/usu1438\/2026\/04\/IMG_1918_1-scaled.jpeg 2048w\" sizes=\"auto, (max-width: 819px) 100vw, 819px\" \/> <img loading=\"lazy\" decoding=\"async\" class=\"aligncenter size-large wp-image-11599\" src=\"https:\/\/agora.xtec.cat\/ies-viladecavalls\/wp-content\/uploads\/usu1438\/2026\/04\/IMG_1919_1-819x1024.jpeg\" alt=\"\" width=\"819\" height=\"1024\" srcset=\"https:\/\/agora.xtec.cat\/ies-viladecavalls\/wp-content\/uploads\/usu1438\/2026\/04\/IMG_1919_1-819x1024.jpeg 819w, https:\/\/agora.xtec.cat\/ies-viladecavalls\/wp-content\/uploads\/usu1438\/2026\/04\/IMG_1919_1-240x300.jpeg 240w, https:\/\/agora.xtec.cat\/ies-viladecavalls\/wp-content\/uploads\/usu1438\/2026\/04\/IMG_1919_1-768x960.jpeg 768w, https:\/\/agora.xtec.cat\/ies-viladecavalls\/wp-content\/uploads\/usu1438\/2026\/04\/IMG_1919_1-1229x1536.jpeg 1229w, https:\/\/agora.xtec.cat\/ies-viladecavalls\/wp-content\/uploads\/usu1438\/2026\/04\/IMG_1919_1-1638x2048.jpeg 1638w, https:\/\/agora.xtec.cat\/ies-viladecavalls\/wp-content\/uploads\/usu1438\/2026\/04\/IMG_1919_1-scaled.jpeg 2048w\" sizes=\"auto, (max-width: 819px) 100vw, 819px\" \/> <img loading=\"lazy\" decoding=\"async\" class=\"aligncenter size-large wp-image-11600\" src=\"https:\/\/agora.xtec.cat\/ies-viladecavalls\/wp-content\/uploads\/usu1438\/2026\/04\/IMG_1920_1-819x1024.jpeg\" alt=\"\" width=\"819\" height=\"1024\" srcset=\"https:\/\/agora.xtec.cat\/ies-viladecavalls\/wp-content\/uploads\/usu1438\/2026\/04\/IMG_1920_1-819x1024.jpeg 819w, https:\/\/agora.xtec.cat\/ies-viladecavalls\/wp-content\/uploads\/usu1438\/2026\/04\/IMG_1920_1-240x300.jpeg 240w, https:\/\/agora.xtec.cat\/ies-viladecavalls\/wp-content\/uploads\/usu1438\/2026\/04\/IMG_1920_1-768x960.jpeg 768w, https:\/\/agora.xtec.cat\/ies-viladecavalls\/wp-content\/uploads\/usu1438\/2026\/04\/IMG_1920_1-1229x1536.jpeg 1229w, https:\/\/agora.xtec.cat\/ies-viladecavalls\/wp-content\/uploads\/usu1438\/2026\/04\/IMG_1920_1-1638x2048.jpeg 1638w, https:\/\/agora.xtec.cat\/ies-viladecavalls\/wp-content\/uploads\/usu1438\/2026\/04\/IMG_1920_1-scaled.jpeg 2048w\" sizes=\"auto, (max-width: 819px) 100vw, 819px\" \/><\/p>\n","protected":false},"excerpt":{"rendered":"<p>Fa unes setmanes l&#8217;alumnat de 2n d&#8217;ESO va dur a terme un projecte sobre l&#8217;art que ens envolta i el nostre patrimoni art\u00edstic. Com a part d&#8217;aquest treball, vam visitar el MNAC i l&#8217;alumnat va fer de guia dels monuments del voltant del museu. A&hellip;  <a href=\"https:\/\/agora.xtec.cat\/ies-viladecavalls\/portada\/lart-que-ens-envolta-a-2n-deso\/\" title=\"Read L&#8217;ART QUE ENS ENVOLTA&#8230; a 2n d&#8217;ESO!\">Llegeix m\u00e9s\u00bb<\/a><\/p>\n","protected":false},"author":1,"featured_media":11596,"comment_status":"closed","ping_status":"open","sticky":false,"template":"","format":"standard","meta":{"_bbp_topic_count":0,"_bbp_reply_count":0,"_bbp_total_topic_count":0,"_bbp_total_reply_count":0,"_bbp_voice_count":0,"_bbp_anonymous_reply_count":0,"_bbp_topic_count_hidden":0,"_bbp_reply_count_hidden":0,"_bbp_forum_subforum_count":0,"footnotes":""},"categories":[29],"tags":[],"class_list":["post-11595","post","type-post","status-publish","format-standard","has-post-thumbnail","hentry","category-portada"],"post_mailing_queue_ids":[],"_links":{"self":[{"href":"https:\/\/agora.xtec.cat\/ies-viladecavalls\/wp-json\/wp\/v2\/posts\/11595","targetHints":{"allow":["GET"]}}],"collection":[{"href":"https:\/\/agora.xtec.cat\/ies-viladecavalls\/wp-json\/wp\/v2\/posts"}],"about":[{"href":"https:\/\/agora.xtec.cat\/ies-viladecavalls\/wp-json\/wp\/v2\/types\/post"}],"author":[{"embeddable":true,"href":"https:\/\/agora.xtec.cat\/ies-viladecavalls\/wp-json\/wp\/v2\/users\/1"}],"replies":[{"embeddable":true,"href":"https:\/\/agora.xtec.cat\/ies-viladecavalls\/wp-json\/wp\/v2\/comments?post=11595"}],"version-history":[{"count":1,"href":"https:\/\/agora.xtec.cat\/ies-viladecavalls\/wp-json\/wp\/v2\/posts\/11595\/revisions"}],"predecessor-version":[{"id":11602,"href":"https:\/\/agora.xtec.cat\/ies-viladecavalls\/wp-json\/wp\/v2\/posts\/11595\/revisions\/11602"}],"wp:featuredmedia":[{"embeddable":true,"href":"https:\/\/agora.xtec.cat\/ies-viladecavalls\/wp-json\/wp\/v2\/media\/11596"}],"wp:attachment":[{"href":"https:\/\/agora.xtec.cat\/ies-viladecavalls\/wp-json\/wp\/v2\/media?parent=11595"}],"wp:term":[{"taxonomy":"category","embeddable":true,"href":"https:\/\/agora.xtec.cat\/ies-viladecavalls\/wp-json\/wp\/v2\/categories?post=11595"},{"taxonomy":"post_tag","embeddable":true,"href":"https:\/\/agora.xtec.cat\/ies-viladecavalls\/wp-json\/wp\/v2\/tags?post=11595"}],"curies":[{"name":"wp","href":"https:\/\/api.w.org\/{rel}","templated":true}]}}