{"id":11578,"date":"2026-04-20T08:32:05","date_gmt":"2026-04-20T06:32:05","guid":{"rendered":"https:\/\/agora.xtec.cat\/ies-viladecavalls\/?p=11578"},"modified":"2026-04-20T08:33:07","modified_gmt":"2026-04-20T06:33:07","slug":"premis-joana-biarnes-als-treballs-de-recerca-2026","status":"publish","type":"post","link":"https:\/\/agora.xtec.cat\/ies-viladecavalls\/portada\/premis-joana-biarnes-als-treballs-de-recerca-2026\/","title":{"rendered":"Premis Joana Biarn\u00e9s als Treballs de Recerca 2026"},"content":{"rendered":"<p><img loading=\"lazy\" decoding=\"async\" class=\"alignleft size-large wp-image-11580\" src=\"https:\/\/agora.xtec.cat\/ies-viladecavalls\/wp-content\/uploads\/usu1438\/2026\/04\/Captura-de-pantalla-2026-04-20-a-les-8.23.44-1024x656.png\" alt=\"\" width=\"1024\" height=\"656\" srcset=\"https:\/\/agora.xtec.cat\/ies-viladecavalls\/wp-content\/uploads\/usu1438\/2026\/04\/Captura-de-pantalla-2026-04-20-a-les-8.23.44-1024x656.png 1024w, https:\/\/agora.xtec.cat\/ies-viladecavalls\/wp-content\/uploads\/usu1438\/2026\/04\/Captura-de-pantalla-2026-04-20-a-les-8.23.44-300x192.png 300w, https:\/\/agora.xtec.cat\/ies-viladecavalls\/wp-content\/uploads\/usu1438\/2026\/04\/Captura-de-pantalla-2026-04-20-a-les-8.23.44-768x492.png 768w, https:\/\/agora.xtec.cat\/ies-viladecavalls\/wp-content\/uploads\/usu1438\/2026\/04\/Captura-de-pantalla-2026-04-20-a-les-8.23.44-1536x984.png 1536w, https:\/\/agora.xtec.cat\/ies-viladecavalls\/wp-content\/uploads\/usu1438\/2026\/04\/Captura-de-pantalla-2026-04-20-a-les-8.23.44.png 1564w\" sizes=\"auto, (max-width: 1024px) 100vw, 1024px\" \/>El dijous 16 d&#8217;abril va tenir lloc la cerim\u00f2nia de lliurament dels Premis Joana Biarn\u00e9s als Treballs de Recerca de Batxillerat 2026. Un reconeixement al treball d\u2019excel\u00b7l\u00e8ncia de l\u2019alumnat participant amb esperit cr\u00edtic i investigador. Les alumnes representants del nostre institut van obtenir els premis de tem\u00e0tica local, tem\u00e0tica cient\u00edfica i tem\u00e0tica d&#8217;estudis feministes. D&#8217;aquesta manera, els jurats valoren la feina rigorosa i l&#8217;esfor\u00e7 continuat que representa l&#8217;elaboraci\u00f3 d&#8217;un bon treball de recerca. Els representats dels jurats de les diverses categories van destacar l&#8217;originalitat de les propostes, la qualitat i varietat de les fonts d&#8217;informaci\u00f3 i la qualitat de les conclusions dels treballs guanyadors.<\/p>\n<p>Moltes felicitats a totes!<\/p>\n<p>&nbsp;<\/p>\n<p>&nbsp;<\/p>\n<div style=\"display: inline-block; vertical-align: top; width: 300px; margin: 20px auto; color: #333; background: #fff; border: 1px solid #ddd; line-height: 1.2; text-decoration: none; padding: 0;\">\n<p><a style=\"display: block; color: #333; line-height: 1.2; text-decoration: none; padding: 0; font-weight: normal;\" href=\"https:\/\/read.bookcreator.com\/NvjGd3ayZfYaNFeUrHxdxvBWoSh1\/_3XIv-cGQMOFaSIcmNGhuA\" target=\"_blank\" rel=\"noopener noreferrer\"><img decoding=\"async\" style=\"max-height: 300px; max-width: 100%; display: block; margin: 0 auto; padding: 0; border: none;\" src=\"https:\/\/assets.api.bookcreator.com\/NvjGd3ayZfYaNFeUrHxdxvBWoSh1\/books\/_3XIv-cGQMOFaSIcmNGhuA\/cover\/share\" alt=\"Premis Joana Biarn\u00e9s TR 2026\" \/><\/a><\/p>\n<div style=\"display: block; padding: 20px; overflow: hidden; overflow-x: hidden; border-top: 1px solid #ddd;\">\n<div style=\"display: block; color: #333; line-height: 1.2; text-decoration: none; padding: 0; font-weight: normal; font-size: 21px; margin: 0 0 0.25em;\"><a style=\"display: block; color: #333; line-height: 1.2; text-decoration: none; padding: 0; font-weight: normal;\" href=\"https:\/\/read.bookcreator.com\/NvjGd3ayZfYaNFeUrHxdxvBWoSh1\/_3XIv-cGQMOFaSIcmNGhuA\" target=\"_blank\" rel=\"noopener noreferrer\">Premis Joana Biarn\u00e9s TR 2026<\/a><\/div>\n<div style=\"display: block; color: #333; line-height: 1.2; text-decoration: none; padding: 0; font-weight: normal; font-size: 16px; margin: 0 0 0.5em;\"><a style=\"display: block; color: #333; line-height: 1.2; text-decoration: none; padding: 0; font-weight: normal;\" href=\"https:\/\/read.bookcreator.com\/NvjGd3ayZfYaNFeUrHxdxvBWoSh1\/_3XIv-cGQMOFaSIcmNGhuA\" target=\"_blank\" rel=\"noopener noreferrer\">Click to read this book, made with Book Creator<\/a><\/div>\n<div style=\"display: block; color: #455a64; line-height: 1.2; text-decoration: none; padding: 0; font-weight: bold; overflow: hidden; text-overflow: ellipsis; white-space: nowrap; font-size: 14px;\"><a style=\"display: block; color: #333; line-height: 1.2; text-decoration: none; padding: 0; font-weight: normal;\" href=\"https:\/\/read.bookcreator.com\/NvjGd3ayZfYaNFeUrHxdxvBWoSh1\/_3XIv-cGQMOFaSIcmNGhuA\" target=\"_blank\" rel=\"noopener noreferrer\">read.bookcreator.com<\/a><\/div>\n<\/div>\n<\/div>\n","protected":false},"excerpt":{"rendered":"<p>El dijous 16 d&#8217;abril va tenir lloc la cerim\u00f2nia de lliurament dels Premis Joana Biarn\u00e9s als Treballs de Recerca de Batxillerat 2026. Un reconeixement al treball d\u2019excel\u00b7l\u00e8ncia de l\u2019alumnat participant amb esperit cr\u00edtic i investigador. Les alumnes representants del nostre institut van obtenir els premis&hellip;  <a href=\"https:\/\/agora.xtec.cat\/ies-viladecavalls\/portada\/premis-joana-biarnes-als-treballs-de-recerca-2026\/\" title=\"Read Premis Joana Biarn\u00e9s als Treballs de Recerca 2026\">Llegeix m\u00e9s\u00bb<\/a><\/p>\n","protected":false},"author":3,"featured_media":11580,"comment_status":"closed","ping_status":"open","sticky":false,"template":"","format":"standard","meta":{"_bbp_topic_count":0,"_bbp_reply_count":0,"_bbp_total_topic_count":0,"_bbp_total_reply_count":0,"_bbp_voice_count":0,"_bbp_anonymous_reply_count":0,"_bbp_topic_count_hidden":0,"_bbp_reply_count_hidden":0,"_bbp_forum_subforum_count":0,"footnotes":""},"categories":[29],"tags":[],"class_list":["post-11578","post","type-post","status-publish","format-standard","has-post-thumbnail","hentry","category-portada"],"post_mailing_queue_ids":[],"_links":{"self":[{"href":"https:\/\/agora.xtec.cat\/ies-viladecavalls\/wp-json\/wp\/v2\/posts\/11578","targetHints":{"allow":["GET"]}}],"collection":[{"href":"https:\/\/agora.xtec.cat\/ies-viladecavalls\/wp-json\/wp\/v2\/posts"}],"about":[{"href":"https:\/\/agora.xtec.cat\/ies-viladecavalls\/wp-json\/wp\/v2\/types\/post"}],"author":[{"embeddable":true,"href":"https:\/\/agora.xtec.cat\/ies-viladecavalls\/wp-json\/wp\/v2\/users\/3"}],"replies":[{"embeddable":true,"href":"https:\/\/agora.xtec.cat\/ies-viladecavalls\/wp-json\/wp\/v2\/comments?post=11578"}],"version-history":[{"count":2,"href":"https:\/\/agora.xtec.cat\/ies-viladecavalls\/wp-json\/wp\/v2\/posts\/11578\/revisions"}],"predecessor-version":[{"id":11581,"href":"https:\/\/agora.xtec.cat\/ies-viladecavalls\/wp-json\/wp\/v2\/posts\/11578\/revisions\/11581"}],"wp:featuredmedia":[{"embeddable":true,"href":"https:\/\/agora.xtec.cat\/ies-viladecavalls\/wp-json\/wp\/v2\/media\/11580"}],"wp:attachment":[{"href":"https:\/\/agora.xtec.cat\/ies-viladecavalls\/wp-json\/wp\/v2\/media?parent=11578"}],"wp:term":[{"taxonomy":"category","embeddable":true,"href":"https:\/\/agora.xtec.cat\/ies-viladecavalls\/wp-json\/wp\/v2\/categories?post=11578"},{"taxonomy":"post_tag","embeddable":true,"href":"https:\/\/agora.xtec.cat\/ies-viladecavalls\/wp-json\/wp\/v2\/tags?post=11578"}],"curies":[{"name":"wp","href":"https:\/\/api.w.org\/{rel}","templated":true}]}}