{"id":11568,"date":"2026-03-27T10:06:40","date_gmt":"2026-03-27T09:06:40","guid":{"rendered":"https:\/\/agora.xtec.cat\/ies-viladecavalls\/?p=11568"},"modified":"2026-03-28T18:11:28","modified_gmt":"2026-03-28T17:11:28","slug":"disset-anys-en-escena-27-de-marc","status":"publish","type":"post","link":"https:\/\/agora.xtec.cat\/ies-viladecavalls\/portada\/disset-anys-en-escena-27-de-marc\/","title":{"rendered":"Disset anys en escena &#8211; 27 de mar\u00e7"},"content":{"rendered":"<p><img loading=\"lazy\" decoding=\"async\" class=\"aligncenter size-full wp-image-11569\" src=\"https:\/\/agora.xtec.cat\/ies-viladecavalls\/wp-content\/uploads\/usu1438\/2026\/03\/17anys.jpg\" alt=\"\" width=\"554\" height=\"776\" srcset=\"https:\/\/agora.xtec.cat\/ies-viladecavalls\/wp-content\/uploads\/usu1438\/2026\/03\/17anys.jpg 554w, https:\/\/agora.xtec.cat\/ies-viladecavalls\/wp-content\/uploads\/usu1438\/2026\/03\/17anys-214x300.jpg 214w\" sizes=\"auto, (max-width: 554px) 100vw, 554px\" \/><\/p>\n<h6>\u00a0\u201c<span class=\"il\">Disset anys<\/span> en escena\u201d, l\u2019espectacle de cloenda del Batxillerat d\u2019Arts Esc\u00e8niques de l\u2019INS Viladecavalls, que tindr\u00e0 lloc el 27 de mar\u00e7 a les 20:30 al Teatre Principal de Terrassa. Aquest muntatge vol ser un recorregut pels 17 anys de traject\u00f2ria d\u2019aquesta modalitat al centre, a trav\u00e9s d\u2019una selecci\u00f3 de fragments teatrals i musicals treballats al llarg dels darrers cursos. \u00c9s una funci\u00f3 especialment significativa, ja que ser\u00e0 la darrera promoci\u00f3 d\u2019Arts Esc\u00e8niques al nostre institut.<br \/>\nL\u2019espectacle est\u00e0 interpretat per l\u2019alumnat de 2n de Batxillerat, que hi est\u00e0 posant molt\u00edssima dedicaci\u00f3 i il\u00b7lusi\u00f3.<\/h6>\n","protected":false},"excerpt":{"rendered":"<p>\u00a0\u201cDisset anys en escena\u201d, l\u2019espectacle de cloenda del Batxillerat d\u2019Arts Esc\u00e8niques de l\u2019INS Viladecavalls, que tindr\u00e0 lloc el 27 de mar\u00e7 a les 20:30 al Teatre Principal de Terrassa. Aquest muntatge vol ser un recorregut pels 17 anys de traject\u00f2ria d\u2019aquesta modalitat al centre, a&hellip;  <a href=\"https:\/\/agora.xtec.cat\/ies-viladecavalls\/portada\/disset-anys-en-escena-27-de-marc\/\" title=\"Read Disset anys en escena &#8211; 27 de mar\u00e7\">Llegeix m\u00e9s\u00bb<\/a><\/p>\n","protected":false},"author":1,"featured_media":0,"comment_status":"closed","ping_status":"open","sticky":false,"template":"","format":"standard","meta":{"_bbp_topic_count":0,"_bbp_reply_count":0,"_bbp_total_topic_count":0,"_bbp_total_reply_count":0,"_bbp_voice_count":0,"_bbp_anonymous_reply_count":0,"_bbp_topic_count_hidden":0,"_bbp_reply_count_hidden":0,"_bbp_forum_subforum_count":0,"footnotes":""},"categories":[29],"tags":[],"class_list":["post-11568","post","type-post","status-publish","format-standard","hentry","category-portada"],"post_mailing_queue_ids":[],"_links":{"self":[{"href":"https:\/\/agora.xtec.cat\/ies-viladecavalls\/wp-json\/wp\/v2\/posts\/11568","targetHints":{"allow":["GET"]}}],"collection":[{"href":"https:\/\/agora.xtec.cat\/ies-viladecavalls\/wp-json\/wp\/v2\/posts"}],"about":[{"href":"https:\/\/agora.xtec.cat\/ies-viladecavalls\/wp-json\/wp\/v2\/types\/post"}],"author":[{"embeddable":true,"href":"https:\/\/agora.xtec.cat\/ies-viladecavalls\/wp-json\/wp\/v2\/users\/1"}],"replies":[{"embeddable":true,"href":"https:\/\/agora.xtec.cat\/ies-viladecavalls\/wp-json\/wp\/v2\/comments?post=11568"}],"version-history":[{"count":3,"href":"https:\/\/agora.xtec.cat\/ies-viladecavalls\/wp-json\/wp\/v2\/posts\/11568\/revisions"}],"predecessor-version":[{"id":11572,"href":"https:\/\/agora.xtec.cat\/ies-viladecavalls\/wp-json\/wp\/v2\/posts\/11568\/revisions\/11572"}],"wp:attachment":[{"href":"https:\/\/agora.xtec.cat\/ies-viladecavalls\/wp-json\/wp\/v2\/media?parent=11568"}],"wp:term":[{"taxonomy":"category","embeddable":true,"href":"https:\/\/agora.xtec.cat\/ies-viladecavalls\/wp-json\/wp\/v2\/categories?post=11568"},{"taxonomy":"post_tag","embeddable":true,"href":"https:\/\/agora.xtec.cat\/ies-viladecavalls\/wp-json\/wp\/v2\/tags?post=11568"}],"curies":[{"name":"wp","href":"https:\/\/api.w.org\/{rel}","templated":true}]}}