{"id":11401,"date":"2025-02-05T08:22:23","date_gmt":"2025-02-05T07:22:23","guid":{"rendered":"https:\/\/agora.xtec.cat\/ies-viladecavalls\/?p=11401"},"modified":"2025-02-05T08:23:17","modified_gmt":"2025-02-05T07:23:17","slug":"intercanvi-als-paisos-baixos","status":"publish","type":"post","link":"https:\/\/agora.xtec.cat\/ies-viladecavalls\/portada\/intercanvi-als-paisos-baixos\/","title":{"rendered":"Intercanvi als Paisos Baixos. 1r Batxillerat."},"content":{"rendered":"<p>Aquesta setmana 22 alumnes de 1r de batxillerat estan d&#8217;intercanvi als Pa\u00efsos Baixos amb els companys del CS Vincent Van Gogh d&#8217;Assen. Malgrat el fred, estan gaudint d&#8217;una experi\u00e8ncia \u00fanica descobrint un altre pa\u00eds i cultura, i practicant l&#8217;angl\u00e8s.<img loading=\"lazy\" decoding=\"async\" class=\"aligncenter size-full wp-image-11402\" src=\"https:\/\/agora.xtec.cat\/ies-viladecavalls\/wp-content\/uploads\/usu1438\/2025\/02\/hol1.jpg\" alt=\"\" width=\"913\" height=\"615\" srcset=\"https:\/\/agora.xtec.cat\/ies-viladecavalls\/wp-content\/uploads\/usu1438\/2025\/02\/hol1.jpg 913w, https:\/\/agora.xtec.cat\/ies-viladecavalls\/wp-content\/uploads\/usu1438\/2025\/02\/hol1-300x202.jpg 300w, https:\/\/agora.xtec.cat\/ies-viladecavalls\/wp-content\/uploads\/usu1438\/2025\/02\/hol1-768x517.jpg 768w\" sizes=\"auto, (max-width: 913px) 100vw, 913px\" \/> <img loading=\"lazy\" decoding=\"async\" class=\"aligncenter size-large wp-image-11403\" src=\"https:\/\/agora.xtec.cat\/ies-viladecavalls\/wp-content\/uploads\/usu1438\/2025\/02\/hol2-1024x674.jpg\" alt=\"\" width=\"1024\" height=\"674\" srcset=\"https:\/\/agora.xtec.cat\/ies-viladecavalls\/wp-content\/uploads\/usu1438\/2025\/02\/hol2-1024x674.jpg 1024w, https:\/\/agora.xtec.cat\/ies-viladecavalls\/wp-content\/uploads\/usu1438\/2025\/02\/hol2-300x197.jpg 300w, https:\/\/agora.xtec.cat\/ies-viladecavalls\/wp-content\/uploads\/usu1438\/2025\/02\/hol2-768x505.jpg 768w, https:\/\/agora.xtec.cat\/ies-viladecavalls\/wp-content\/uploads\/usu1438\/2025\/02\/hol2.jpg 1032w\" sizes=\"auto, (max-width: 1024px) 100vw, 1024px\" \/> <img loading=\"lazy\" decoding=\"async\" class=\"aligncenter size-large wp-image-11404\" src=\"https:\/\/agora.xtec.cat\/ies-viladecavalls\/wp-content\/uploads\/usu1438\/2025\/02\/hol3.jpg\" alt=\"\" width=\"583\" height=\"682\" srcset=\"https:\/\/agora.xtec.cat\/ies-viladecavalls\/wp-content\/uploads\/usu1438\/2025\/02\/hol3.jpg 583w, https:\/\/agora.xtec.cat\/ies-viladecavalls\/wp-content\/uploads\/usu1438\/2025\/02\/hol3-256x300.jpg 256w\" sizes=\"auto, (max-width: 583px) 100vw, 583px\" \/> <img loading=\"lazy\" decoding=\"async\" class=\"aligncenter size-large wp-image-11405\" src=\"https:\/\/agora.xtec.cat\/ies-viladecavalls\/wp-content\/uploads\/usu1438\/2025\/02\/hol4.jpg\" alt=\"\" width=\"1024\" height=\"717\" srcset=\"https:\/\/agora.xtec.cat\/ies-viladecavalls\/wp-content\/uploads\/usu1438\/2025\/02\/hol4.jpg 1024w, https:\/\/agora.xtec.cat\/ies-viladecavalls\/wp-content\/uploads\/usu1438\/2025\/02\/hol4-300x210.jpg 300w, https:\/\/agora.xtec.cat\/ies-viladecavalls\/wp-content\/uploads\/usu1438\/2025\/02\/hol4-768x538.jpg 768w\" sizes=\"auto, (max-width: 1024px) 100vw, 1024px\" \/> <img loading=\"lazy\" decoding=\"async\" class=\"aligncenter size-large wp-image-11406\" src=\"https:\/\/agora.xtec.cat\/ies-viladecavalls\/wp-content\/uploads\/usu1438\/2025\/02\/hol5.jpg\" alt=\"\" width=\"569\" height=\"715\" srcset=\"https:\/\/agora.xtec.cat\/ies-viladecavalls\/wp-content\/uploads\/usu1438\/2025\/02\/hol5.jpg 569w, https:\/\/agora.xtec.cat\/ies-viladecavalls\/wp-content\/uploads\/usu1438\/2025\/02\/hol5-239x300.jpg 239w\" sizes=\"auto, (max-width: 569px) 100vw, 569px\" \/> <img loading=\"lazy\" decoding=\"async\" class=\"aligncenter size-large wp-image-11407\" src=\"https:\/\/agora.xtec.cat\/ies-viladecavalls\/wp-content\/uploads\/usu1438\/2025\/02\/hol6.jpg\" alt=\"\" width=\"1024\" height=\"668\" srcset=\"https:\/\/agora.xtec.cat\/ies-viladecavalls\/wp-content\/uploads\/usu1438\/2025\/02\/hol6.jpg 1024w, https:\/\/agora.xtec.cat\/ies-viladecavalls\/wp-content\/uploads\/usu1438\/2025\/02\/hol6-300x196.jpg 300w, https:\/\/agora.xtec.cat\/ies-viladecavalls\/wp-content\/uploads\/usu1438\/2025\/02\/hol6-768x501.jpg 768w\" sizes=\"auto, (max-width: 1024px) 100vw, 1024px\" \/> <img loading=\"lazy\" decoding=\"async\" class=\"aligncenter size-large wp-image-11408\" src=\"https:\/\/agora.xtec.cat\/ies-viladecavalls\/wp-content\/uploads\/usu1438\/2025\/02\/hol7.jpg\" alt=\"\" width=\"997\" height=\"733\" srcset=\"https:\/\/agora.xtec.cat\/ies-viladecavalls\/wp-content\/uploads\/usu1438\/2025\/02\/hol7.jpg 997w, https:\/\/agora.xtec.cat\/ies-viladecavalls\/wp-content\/uploads\/usu1438\/2025\/02\/hol7-300x221.jpg 300w, https:\/\/agora.xtec.cat\/ies-viladecavalls\/wp-content\/uploads\/usu1438\/2025\/02\/hol7-768x565.jpg 768w\" sizes=\"auto, (max-width: 997px) 100vw, 997px\" \/><\/p>\n<p>&nbsp;<\/p>\n","protected":false},"excerpt":{"rendered":"<p>Aquesta setmana 22 alumnes de 1r de batxillerat estan d&#8217;intercanvi als Pa\u00efsos Baixos amb els companys del CS Vincent Van Gogh d&#8217;Assen. Malgrat el fred, estan gaudint d&#8217;una experi\u00e8ncia \u00fanica descobrint un altre pa\u00eds i cultura, i practicant l&#8217;angl\u00e8s.<br \/>\n&nbsp;<\/p>\n","protected":false},"author":1,"featured_media":11402,"comment_status":"closed","ping_status":"closed","sticky":false,"template":"","format":"standard","meta":{"_bbp_topic_count":0,"_bbp_reply_count":0,"_bbp_total_topic_count":0,"_bbp_total_reply_count":0,"_bbp_voice_count":0,"_bbp_anonymous_reply_count":0,"_bbp_topic_count_hidden":0,"_bbp_reply_count_hidden":0,"_bbp_forum_subforum_count":0,"footnotes":""},"categories":[29],"tags":[],"class_list":["post-11401","post","type-post","status-publish","format-standard","has-post-thumbnail","hentry","category-portada"],"post_mailing_queue_ids":[],"_links":{"self":[{"href":"https:\/\/agora.xtec.cat\/ies-viladecavalls\/wp-json\/wp\/v2\/posts\/11401","targetHints":{"allow":["GET"]}}],"collection":[{"href":"https:\/\/agora.xtec.cat\/ies-viladecavalls\/wp-json\/wp\/v2\/posts"}],"about":[{"href":"https:\/\/agora.xtec.cat\/ies-viladecavalls\/wp-json\/wp\/v2\/types\/post"}],"author":[{"embeddable":true,"href":"https:\/\/agora.xtec.cat\/ies-viladecavalls\/wp-json\/wp\/v2\/users\/1"}],"replies":[{"embeddable":true,"href":"https:\/\/agora.xtec.cat\/ies-viladecavalls\/wp-json\/wp\/v2\/comments?post=11401"}],"version-history":[{"count":3,"href":"https:\/\/agora.xtec.cat\/ies-viladecavalls\/wp-json\/wp\/v2\/posts\/11401\/revisions"}],"predecessor-version":[{"id":11411,"href":"https:\/\/agora.xtec.cat\/ies-viladecavalls\/wp-json\/wp\/v2\/posts\/11401\/revisions\/11411"}],"wp:featuredmedia":[{"embeddable":true,"href":"https:\/\/agora.xtec.cat\/ies-viladecavalls\/wp-json\/wp\/v2\/media\/11402"}],"wp:attachment":[{"href":"https:\/\/agora.xtec.cat\/ies-viladecavalls\/wp-json\/wp\/v2\/media?parent=11401"}],"wp:term":[{"taxonomy":"category","embeddable":true,"href":"https:\/\/agora.xtec.cat\/ies-viladecavalls\/wp-json\/wp\/v2\/categories?post=11401"},{"taxonomy":"post_tag","embeddable":true,"href":"https:\/\/agora.xtec.cat\/ies-viladecavalls\/wp-json\/wp\/v2\/tags?post=11401"}],"curies":[{"name":"wp","href":"https:\/\/api.w.org\/{rel}","templated":true}]}}