{"id":11368,"date":"2024-12-18T15:04:11","date_gmt":"2024-12-18T14:04:11","guid":{"rendered":"https:\/\/agora.xtec.cat\/ies-viladecavalls\/?p=11368"},"modified":"2024-12-18T15:04:11","modified_gmt":"2024-12-18T14:04:11","slug":"estada-a-mon-natura-pirineus","status":"publish","type":"post","link":"https:\/\/agora.xtec.cat\/ies-viladecavalls\/portada\/estada-a-mon-natura-pirineus\/","title":{"rendered":"Estada a M\u00f3n Natura Pirineus"},"content":{"rendered":"<p>Aquests dies, els alumnes de <strong>1r de batxillerat tecnol\u00f2gic i cient\u00edfic <\/strong>han repetit l\u2019estada al M\u00f3n Natura Pirineus situat a la poblaci\u00f3 de Son. Seran tres dies de fren\u00e8tica activitat on participen en activitats com: observaci\u00f3 astron\u00f2mica, excursi\u00f3 al parc nacional d\u2019Aig\u00fcestortes, descoberta de l\u2019edifici bioclim\u00e0tic, experiments al laboratori, \u2026<\/p>\n<p><img loading=\"lazy\" decoding=\"async\" class=\"aligncenter size-large wp-image-11369\" src=\"https:\/\/agora.xtec.cat\/ies-viladecavalls\/wp-content\/uploads\/usu1438\/2024\/12\/mon3-1024x579.jpg\" alt=\"\" width=\"1024\" height=\"579\" srcset=\"https:\/\/agora.xtec.cat\/ies-viladecavalls\/wp-content\/uploads\/usu1438\/2024\/12\/mon3-1024x579.jpg 1024w, https:\/\/agora.xtec.cat\/ies-viladecavalls\/wp-content\/uploads\/usu1438\/2024\/12\/mon3-300x170.jpg 300w, https:\/\/agora.xtec.cat\/ies-viladecavalls\/wp-content\/uploads\/usu1438\/2024\/12\/mon3-768x434.jpg 768w, https:\/\/agora.xtec.cat\/ies-viladecavalls\/wp-content\/uploads\/usu1438\/2024\/12\/mon3.jpg 1241w\" sizes=\"auto, (max-width: 1024px) 100vw, 1024px\" \/> <img loading=\"lazy\" decoding=\"async\" class=\"aligncenter size-large wp-image-11370\" src=\"https:\/\/agora.xtec.cat\/ies-viladecavalls\/wp-content\/uploads\/usu1438\/2024\/12\/mon2-1024x437.jpg\" alt=\"\" width=\"1024\" height=\"437\" srcset=\"https:\/\/agora.xtec.cat\/ies-viladecavalls\/wp-content\/uploads\/usu1438\/2024\/12\/mon2-1024x437.jpg 1024w, https:\/\/agora.xtec.cat\/ies-viladecavalls\/wp-content\/uploads\/usu1438\/2024\/12\/mon2-300x128.jpg 300w, https:\/\/agora.xtec.cat\/ies-viladecavalls\/wp-content\/uploads\/usu1438\/2024\/12\/mon2-768x328.jpg 768w, https:\/\/agora.xtec.cat\/ies-viladecavalls\/wp-content\/uploads\/usu1438\/2024\/12\/mon2-1536x655.jpg 1536w, https:\/\/agora.xtec.cat\/ies-viladecavalls\/wp-content\/uploads\/usu1438\/2024\/12\/mon2.jpg 1631w\" sizes=\"auto, (max-width: 1024px) 100vw, 1024px\" \/> <img loading=\"lazy\" decoding=\"async\" class=\"aligncenter size-large wp-image-11371\" src=\"https:\/\/agora.xtec.cat\/ies-viladecavalls\/wp-content\/uploads\/usu1438\/2024\/12\/mon1-1024x614.jpg\" alt=\"\" width=\"1024\" height=\"614\" srcset=\"https:\/\/agora.xtec.cat\/ies-viladecavalls\/wp-content\/uploads\/usu1438\/2024\/12\/mon1-1024x614.jpg 1024w, https:\/\/agora.xtec.cat\/ies-viladecavalls\/wp-content\/uploads\/usu1438\/2024\/12\/mon1-300x180.jpg 300w, https:\/\/agora.xtec.cat\/ies-viladecavalls\/wp-content\/uploads\/usu1438\/2024\/12\/mon1-768x461.jpg 768w, https:\/\/agora.xtec.cat\/ies-viladecavalls\/wp-content\/uploads\/usu1438\/2024\/12\/mon1.jpg 1137w\" sizes=\"auto, (max-width: 1024px) 100vw, 1024px\" \/><\/p>\n","protected":false},"excerpt":{"rendered":"<p>Aquests dies, els alumnes de 1r de batxillerat tecnol\u00f2gic i cient\u00edfic han repetit l\u2019estada al M\u00f3n Natura Pirineus situat a la poblaci\u00f3 de Son. Seran tres dies de fren\u00e8tica activitat on participen en activitats com: observaci\u00f3 astron\u00f2mica, excursi\u00f3 al parc nacional d\u2019Aig\u00fcestortes, descoberta de l\u2019edifici&hellip;  <a href=\"https:\/\/agora.xtec.cat\/ies-viladecavalls\/portada\/estada-a-mon-natura-pirineus\/\" title=\"Read Estada a M\u00f3n Natura Pirineus\">Llegeix m\u00e9s\u00bb<\/a><\/p>\n","protected":false},"author":1,"featured_media":11370,"comment_status":"closed","ping_status":"closed","sticky":false,"template":"","format":"standard","meta":{"_bbp_topic_count":0,"_bbp_reply_count":0,"_bbp_total_topic_count":0,"_bbp_total_reply_count":0,"_bbp_voice_count":0,"_bbp_anonymous_reply_count":0,"_bbp_topic_count_hidden":0,"_bbp_reply_count_hidden":0,"_bbp_forum_subforum_count":0,"footnotes":""},"categories":[29],"tags":[],"class_list":["post-11368","post","type-post","status-publish","format-standard","has-post-thumbnail","hentry","category-portada"],"post_mailing_queue_ids":[],"_links":{"self":[{"href":"https:\/\/agora.xtec.cat\/ies-viladecavalls\/wp-json\/wp\/v2\/posts\/11368","targetHints":{"allow":["GET"]}}],"collection":[{"href":"https:\/\/agora.xtec.cat\/ies-viladecavalls\/wp-json\/wp\/v2\/posts"}],"about":[{"href":"https:\/\/agora.xtec.cat\/ies-viladecavalls\/wp-json\/wp\/v2\/types\/post"}],"author":[{"embeddable":true,"href":"https:\/\/agora.xtec.cat\/ies-viladecavalls\/wp-json\/wp\/v2\/users\/1"}],"replies":[{"embeddable":true,"href":"https:\/\/agora.xtec.cat\/ies-viladecavalls\/wp-json\/wp\/v2\/comments?post=11368"}],"version-history":[{"count":1,"href":"https:\/\/agora.xtec.cat\/ies-viladecavalls\/wp-json\/wp\/v2\/posts\/11368\/revisions"}],"predecessor-version":[{"id":11372,"href":"https:\/\/agora.xtec.cat\/ies-viladecavalls\/wp-json\/wp\/v2\/posts\/11368\/revisions\/11372"}],"wp:featuredmedia":[{"embeddable":true,"href":"https:\/\/agora.xtec.cat\/ies-viladecavalls\/wp-json\/wp\/v2\/media\/11370"}],"wp:attachment":[{"href":"https:\/\/agora.xtec.cat\/ies-viladecavalls\/wp-json\/wp\/v2\/media?parent=11368"}],"wp:term":[{"taxonomy":"category","embeddable":true,"href":"https:\/\/agora.xtec.cat\/ies-viladecavalls\/wp-json\/wp\/v2\/categories?post=11368"},{"taxonomy":"post_tag","embeddable":true,"href":"https:\/\/agora.xtec.cat\/ies-viladecavalls\/wp-json\/wp\/v2\/tags?post=11368"}],"curies":[{"name":"wp","href":"https:\/\/api.w.org\/{rel}","templated":true}]}}