{"id":11215,"date":"2024-03-22T19:48:34","date_gmt":"2024-03-22T18:48:34","guid":{"rendered":"https:\/\/agora.xtec.cat\/ies-viladecavalls\/?p=11215"},"modified":"2024-04-21T17:55:47","modified_gmt":"2024-04-21T15:55:47","slug":"projecte-artistic-a-2n-deso","status":"publish","type":"post","link":"https:\/\/agora.xtec.cat\/ies-viladecavalls\/general\/projecte-artistic-a-2n-deso\/","title":{"rendered":"Projecte art\u00edstic a 2n d&#8217;ESO"},"content":{"rendered":"<p>Abans de marxar de vacances i desconnectar aquests deu dies, volem compartir amb tots vosaltres el projecte art\u00edstic que l&#8217;alumnat de 2n d&#8217;ESO ha dut a terme en els darrers mesos. Aquest trimestre, hem posat en valor el patrimoni cultural d&#8217;Occident, tot fent un<strong> fris cronol\u00f2gic col\u00b7laboratiu<\/strong> de les principals obres, <strong>visitant el MNAC<\/strong> i fent de <strong>guies autoritzats d&#8217;alguns monuments emblem\u00e0tics de Montju\u00efc<\/strong>. Tamb\u00e9 hem analitzat<strong> la situaci\u00f3 de les dones artistes al llarg de la hist\u00f2ria<\/strong> i fins i tot hem pogut experimentar amb les intel\u00b7lig\u00e8ncies artificials com a noves formes de creaci\u00f3. Moltes felicitats a tots els alumnes i docents implicats, ja que els resultats s\u00f3n ESPECTACULARS!<\/p>\n<p><img loading=\"lazy\" decoding=\"async\" class=\"alignleft size-large wp-image-11217\" src=\"https:\/\/agora.xtec.cat\/ies-viladecavalls\/wp-content\/uploads\/usu1438\/2024\/03\/e43ad591-f8a5-4810-8b24-f957c8662818-1024x768.jpg\" alt=\"\" width=\"1024\" height=\"768\" srcset=\"https:\/\/agora.xtec.cat\/ies-viladecavalls\/wp-content\/uploads\/usu1438\/2024\/03\/e43ad591-f8a5-4810-8b24-f957c8662818-1024x768.jpg 1024w, https:\/\/agora.xtec.cat\/ies-viladecavalls\/wp-content\/uploads\/usu1438\/2024\/03\/e43ad591-f8a5-4810-8b24-f957c8662818-300x225.jpg 300w, https:\/\/agora.xtec.cat\/ies-viladecavalls\/wp-content\/uploads\/usu1438\/2024\/03\/e43ad591-f8a5-4810-8b24-f957c8662818-768x576.jpg 768w, https:\/\/agora.xtec.cat\/ies-viladecavalls\/wp-content\/uploads\/usu1438\/2024\/03\/e43ad591-f8a5-4810-8b24-f957c8662818-1536x1152.jpg 1536w, https:\/\/agora.xtec.cat\/ies-viladecavalls\/wp-content\/uploads\/usu1438\/2024\/03\/e43ad591-f8a5-4810-8b24-f957c8662818-200x150.jpg 200w, https:\/\/agora.xtec.cat\/ies-viladecavalls\/wp-content\/uploads\/usu1438\/2024\/03\/e43ad591-f8a5-4810-8b24-f957c8662818.jpg 1600w\" sizes=\"auto, (max-width: 1024px) 100vw, 1024px\" \/> <img loading=\"lazy\" decoding=\"async\" class=\"alignleft size-large wp-image-11218\" src=\"https:\/\/agora.xtec.cat\/ies-viladecavalls\/wp-content\/uploads\/usu1438\/2024\/03\/d4b89e3a-3b4c-4f3a-bbc2-2325d048199a.jpg\" alt=\"\" width=\"900\" height=\"756\" srcset=\"https:\/\/agora.xtec.cat\/ies-viladecavalls\/wp-content\/uploads\/usu1438\/2024\/03\/d4b89e3a-3b4c-4f3a-bbc2-2325d048199a.jpg 900w, https:\/\/agora.xtec.cat\/ies-viladecavalls\/wp-content\/uploads\/usu1438\/2024\/03\/d4b89e3a-3b4c-4f3a-bbc2-2325d048199a-300x252.jpg 300w, https:\/\/agora.xtec.cat\/ies-viladecavalls\/wp-content\/uploads\/usu1438\/2024\/03\/d4b89e3a-3b4c-4f3a-bbc2-2325d048199a-768x645.jpg 768w\" sizes=\"auto, (max-width: 900px) 100vw, 900px\" \/> <img loading=\"lazy\" decoding=\"async\" class=\"alignleft size-large wp-image-11219\" src=\"https:\/\/agora.xtec.cat\/ies-viladecavalls\/wp-content\/uploads\/usu1438\/2024\/03\/1876013a-1360-49e2-85b0-3f2adbcc4b4d-576x1024.jpg\" alt=\"\" width=\"576\" height=\"1024\" srcset=\"https:\/\/agora.xtec.cat\/ies-viladecavalls\/wp-content\/uploads\/usu1438\/2024\/03\/1876013a-1360-49e2-85b0-3f2adbcc4b4d-576x1024.jpg 576w, https:\/\/agora.xtec.cat\/ies-viladecavalls\/wp-content\/uploads\/usu1438\/2024\/03\/1876013a-1360-49e2-85b0-3f2adbcc4b4d-169x300.jpg 169w, https:\/\/agora.xtec.cat\/ies-viladecavalls\/wp-content\/uploads\/usu1438\/2024\/03\/1876013a-1360-49e2-85b0-3f2adbcc4b4d-768x1365.jpg 768w, https:\/\/agora.xtec.cat\/ies-viladecavalls\/wp-content\/uploads\/usu1438\/2024\/03\/1876013a-1360-49e2-85b0-3f2adbcc4b4d-864x1536.jpg 864w, https:\/\/agora.xtec.cat\/ies-viladecavalls\/wp-content\/uploads\/usu1438\/2024\/03\/1876013a-1360-49e2-85b0-3f2adbcc4b4d.jpg 900w\" sizes=\"auto, (max-width: 576px) 100vw, 576px\" \/> <img loading=\"lazy\" decoding=\"async\" class=\"alignleft size-large wp-image-11221\" src=\"https:\/\/agora.xtec.cat\/ies-viladecavalls\/wp-content\/uploads\/usu1438\/2024\/03\/56bd8148-0a6f-4eb6-b736-591cb091efc4-1024x768.jpg\" alt=\"\" width=\"1024\" height=\"768\" srcset=\"https:\/\/agora.xtec.cat\/ies-viladecavalls\/wp-content\/uploads\/usu1438\/2024\/03\/56bd8148-0a6f-4eb6-b736-591cb091efc4-1024x768.jpg 1024w, https:\/\/agora.xtec.cat\/ies-viladecavalls\/wp-content\/uploads\/usu1438\/2024\/03\/56bd8148-0a6f-4eb6-b736-591cb091efc4-300x225.jpg 300w, https:\/\/agora.xtec.cat\/ies-viladecavalls\/wp-content\/uploads\/usu1438\/2024\/03\/56bd8148-0a6f-4eb6-b736-591cb091efc4-768x576.jpg 768w, https:\/\/agora.xtec.cat\/ies-viladecavalls\/wp-content\/uploads\/usu1438\/2024\/03\/56bd8148-0a6f-4eb6-b736-591cb091efc4-1536x1152.jpg 1536w, https:\/\/agora.xtec.cat\/ies-viladecavalls\/wp-content\/uploads\/usu1438\/2024\/03\/56bd8148-0a6f-4eb6-b736-591cb091efc4-200x150.jpg 200w, https:\/\/agora.xtec.cat\/ies-viladecavalls\/wp-content\/uploads\/usu1438\/2024\/03\/56bd8148-0a6f-4eb6-b736-591cb091efc4.jpg 1600w\" sizes=\"auto, (max-width: 1024px) 100vw, 1024px\" \/> <img loading=\"lazy\" decoding=\"async\" class=\"alignleft size-large wp-image-11223\" src=\"https:\/\/agora.xtec.cat\/ies-viladecavalls\/wp-content\/uploads\/usu1438\/2024\/03\/9d688210-a1c2-4a92-9ae3-9daed269d1ca-1024x768.jpg\" alt=\"\" width=\"1024\" height=\"768\" srcset=\"https:\/\/agora.xtec.cat\/ies-viladecavalls\/wp-content\/uploads\/usu1438\/2024\/03\/9d688210-a1c2-4a92-9ae3-9daed269d1ca-1024x768.jpg 1024w, https:\/\/agora.xtec.cat\/ies-viladecavalls\/wp-content\/uploads\/usu1438\/2024\/03\/9d688210-a1c2-4a92-9ae3-9daed269d1ca-300x225.jpg 300w, https:\/\/agora.xtec.cat\/ies-viladecavalls\/wp-content\/uploads\/usu1438\/2024\/03\/9d688210-a1c2-4a92-9ae3-9daed269d1ca-768x576.jpg 768w, https:\/\/agora.xtec.cat\/ies-viladecavalls\/wp-content\/uploads\/usu1438\/2024\/03\/9d688210-a1c2-4a92-9ae3-9daed269d1ca-1536x1152.jpg 1536w, https:\/\/agora.xtec.cat\/ies-viladecavalls\/wp-content\/uploads\/usu1438\/2024\/03\/9d688210-a1c2-4a92-9ae3-9daed269d1ca-200x150.jpg 200w, https:\/\/agora.xtec.cat\/ies-viladecavalls\/wp-content\/uploads\/usu1438\/2024\/03\/9d688210-a1c2-4a92-9ae3-9daed269d1ca.jpg 1600w\" sizes=\"auto, (max-width: 1024px) 100vw, 1024px\" \/> <img loading=\"lazy\" decoding=\"async\" class=\"alignleft size-large wp-image-11216\" src=\"https:\/\/agora.xtec.cat\/ies-viladecavalls\/wp-content\/uploads\/usu1438\/2024\/03\/ffa6ca97-4490-4ff5-893e-9cdfba0f57cf-1024x768.jpg\" alt=\"\" width=\"1024\" height=\"768\" srcset=\"https:\/\/agora.xtec.cat\/ies-viladecavalls\/wp-content\/uploads\/usu1438\/2024\/03\/ffa6ca97-4490-4ff5-893e-9cdfba0f57cf-1024x768.jpg 1024w, https:\/\/agora.xtec.cat\/ies-viladecavalls\/wp-content\/uploads\/usu1438\/2024\/03\/ffa6ca97-4490-4ff5-893e-9cdfba0f57cf-300x225.jpg 300w, https:\/\/agora.xtec.cat\/ies-viladecavalls\/wp-content\/uploads\/usu1438\/2024\/03\/ffa6ca97-4490-4ff5-893e-9cdfba0f57cf-768x576.jpg 768w, https:\/\/agora.xtec.cat\/ies-viladecavalls\/wp-content\/uploads\/usu1438\/2024\/03\/ffa6ca97-4490-4ff5-893e-9cdfba0f57cf-1536x1152.jpg 1536w, https:\/\/agora.xtec.cat\/ies-viladecavalls\/wp-content\/uploads\/usu1438\/2024\/03\/ffa6ca97-4490-4ff5-893e-9cdfba0f57cf-200x150.jpg 200w, https:\/\/agora.xtec.cat\/ies-viladecavalls\/wp-content\/uploads\/usu1438\/2024\/03\/ffa6ca97-4490-4ff5-893e-9cdfba0f57cf.jpg 1600w\" sizes=\"auto, (max-width: 1024px) 100vw, 1024px\" \/> <img loading=\"lazy\" decoding=\"async\" class=\"alignleft size-large wp-image-11224\" src=\"https:\/\/agora.xtec.cat\/ies-viladecavalls\/wp-content\/uploads\/usu1438\/2024\/03\/8f8602f6-51e4-436d-bffb-418359f97fd9-768x1024.jpg\" alt=\"\" width=\"768\" height=\"1024\" srcset=\"https:\/\/agora.xtec.cat\/ies-viladecavalls\/wp-content\/uploads\/usu1438\/2024\/03\/8f8602f6-51e4-436d-bffb-418359f97fd9-768x1024.jpg 768w, https:\/\/agora.xtec.cat\/ies-viladecavalls\/wp-content\/uploads\/usu1438\/2024\/03\/8f8602f6-51e4-436d-bffb-418359f97fd9-225x300.jpg 225w, https:\/\/agora.xtec.cat\/ies-viladecavalls\/wp-content\/uploads\/usu1438\/2024\/03\/8f8602f6-51e4-436d-bffb-418359f97fd9-1152x1536.jpg 1152w, https:\/\/agora.xtec.cat\/ies-viladecavalls\/wp-content\/uploads\/usu1438\/2024\/03\/8f8602f6-51e4-436d-bffb-418359f97fd9.jpg 1200w\" sizes=\"auto, (max-width: 768px) 100vw, 768px\" \/> <img loading=\"lazy\" decoding=\"async\" class=\"alignleft size-large wp-image-11220\" src=\"https:\/\/agora.xtec.cat\/ies-viladecavalls\/wp-content\/uploads\/usu1438\/2024\/03\/66b52cf8-1772-447c-a7e7-647ba7637bbd-1024x768.jpg\" alt=\"\" width=\"1024\" height=\"768\" srcset=\"https:\/\/agora.xtec.cat\/ies-viladecavalls\/wp-content\/uploads\/usu1438\/2024\/03\/66b52cf8-1772-447c-a7e7-647ba7637bbd-1024x768.jpg 1024w, https:\/\/agora.xtec.cat\/ies-viladecavalls\/wp-content\/uploads\/usu1438\/2024\/03\/66b52cf8-1772-447c-a7e7-647ba7637bbd-300x225.jpg 300w, https:\/\/agora.xtec.cat\/ies-viladecavalls\/wp-content\/uploads\/usu1438\/2024\/03\/66b52cf8-1772-447c-a7e7-647ba7637bbd-768x576.jpg 768w, https:\/\/agora.xtec.cat\/ies-viladecavalls\/wp-content\/uploads\/usu1438\/2024\/03\/66b52cf8-1772-447c-a7e7-647ba7637bbd-1536x1152.jpg 1536w, https:\/\/agora.xtec.cat\/ies-viladecavalls\/wp-content\/uploads\/usu1438\/2024\/03\/66b52cf8-1772-447c-a7e7-647ba7637bbd-200x150.jpg 200w, https:\/\/agora.xtec.cat\/ies-viladecavalls\/wp-content\/uploads\/usu1438\/2024\/03\/66b52cf8-1772-447c-a7e7-647ba7637bbd.jpg 1600w\" sizes=\"auto, (max-width: 1024px) 100vw, 1024px\" \/> <img loading=\"lazy\" decoding=\"async\" class=\"alignleft size-large wp-image-11225\" src=\"https:\/\/agora.xtec.cat\/ies-viladecavalls\/wp-content\/uploads\/usu1438\/2024\/03\/3eb5c3a1-43dc-4711-9dab-7e8314a4fa08-1024x768.jpg\" alt=\"\" width=\"1024\" height=\"768\" srcset=\"https:\/\/agora.xtec.cat\/ies-viladecavalls\/wp-content\/uploads\/usu1438\/2024\/03\/3eb5c3a1-43dc-4711-9dab-7e8314a4fa08-1024x768.jpg 1024w, https:\/\/agora.xtec.cat\/ies-viladecavalls\/wp-content\/uploads\/usu1438\/2024\/03\/3eb5c3a1-43dc-4711-9dab-7e8314a4fa08-300x225.jpg 300w, https:\/\/agora.xtec.cat\/ies-viladecavalls\/wp-content\/uploads\/usu1438\/2024\/03\/3eb5c3a1-43dc-4711-9dab-7e8314a4fa08-768x576.jpg 768w, https:\/\/agora.xtec.cat\/ies-viladecavalls\/wp-content\/uploads\/usu1438\/2024\/03\/3eb5c3a1-43dc-4711-9dab-7e8314a4fa08-1536x1152.jpg 1536w, https:\/\/agora.xtec.cat\/ies-viladecavalls\/wp-content\/uploads\/usu1438\/2024\/03\/3eb5c3a1-43dc-4711-9dab-7e8314a4fa08-200x150.jpg 200w, https:\/\/agora.xtec.cat\/ies-viladecavalls\/wp-content\/uploads\/usu1438\/2024\/03\/3eb5c3a1-43dc-4711-9dab-7e8314a4fa08.jpg 1600w\" sizes=\"auto, (max-width: 1024px) 100vw, 1024px\" \/> <img loading=\"lazy\" decoding=\"async\" class=\"alignleft size-large wp-image-11222\" src=\"https:\/\/agora.xtec.cat\/ies-viladecavalls\/wp-content\/uploads\/usu1438\/2024\/03\/11e5d7cb-4fbe-4387-9e25-238489966d99-1024x768.jpg\" alt=\"\" width=\"1024\" height=\"768\" srcset=\"https:\/\/agora.xtec.cat\/ies-viladecavalls\/wp-content\/uploads\/usu1438\/2024\/03\/11e5d7cb-4fbe-4387-9e25-238489966d99-1024x768.jpg 1024w, https:\/\/agora.xtec.cat\/ies-viladecavalls\/wp-content\/uploads\/usu1438\/2024\/03\/11e5d7cb-4fbe-4387-9e25-238489966d99-300x225.jpg 300w, https:\/\/agora.xtec.cat\/ies-viladecavalls\/wp-content\/uploads\/usu1438\/2024\/03\/11e5d7cb-4fbe-4387-9e25-238489966d99-768x576.jpg 768w, https:\/\/agora.xtec.cat\/ies-viladecavalls\/wp-content\/uploads\/usu1438\/2024\/03\/11e5d7cb-4fbe-4387-9e25-238489966d99-1536x1152.jpg 1536w, https:\/\/agora.xtec.cat\/ies-viladecavalls\/wp-content\/uploads\/usu1438\/2024\/03\/11e5d7cb-4fbe-4387-9e25-238489966d99-200x150.jpg 200w, https:\/\/agora.xtec.cat\/ies-viladecavalls\/wp-content\/uploads\/usu1438\/2024\/03\/11e5d7cb-4fbe-4387-9e25-238489966d99.jpg 1600w\" sizes=\"auto, (max-width: 1024px) 100vw, 1024px\" \/> <img loading=\"lazy\" decoding=\"async\" class=\"alignleft size-large wp-image-11226\" src=\"https:\/\/agora.xtec.cat\/ies-viladecavalls\/wp-content\/uploads\/usu1438\/2024\/03\/3a794063-9d38-4304-86b6-38d6f9411309-1024x768.jpg\" alt=\"\" width=\"1024\" height=\"768\" srcset=\"https:\/\/agora.xtec.cat\/ies-viladecavalls\/wp-content\/uploads\/usu1438\/2024\/03\/3a794063-9d38-4304-86b6-38d6f9411309-1024x768.jpg 1024w, https:\/\/agora.xtec.cat\/ies-viladecavalls\/wp-content\/uploads\/usu1438\/2024\/03\/3a794063-9d38-4304-86b6-38d6f9411309-300x225.jpg 300w, https:\/\/agora.xtec.cat\/ies-viladecavalls\/wp-content\/uploads\/usu1438\/2024\/03\/3a794063-9d38-4304-86b6-38d6f9411309-768x576.jpg 768w, https:\/\/agora.xtec.cat\/ies-viladecavalls\/wp-content\/uploads\/usu1438\/2024\/03\/3a794063-9d38-4304-86b6-38d6f9411309-1536x1152.jpg 1536w, https:\/\/agora.xtec.cat\/ies-viladecavalls\/wp-content\/uploads\/usu1438\/2024\/03\/3a794063-9d38-4304-86b6-38d6f9411309-200x150.jpg 200w, https:\/\/agora.xtec.cat\/ies-viladecavalls\/wp-content\/uploads\/usu1438\/2024\/03\/3a794063-9d38-4304-86b6-38d6f9411309.jpg 1600w\" sizes=\"auto, (max-width: 1024px) 100vw, 1024px\" \/><\/p>\n<p>&nbsp;<\/p>\n","protected":false},"excerpt":{"rendered":"<p>Abans de marxar de vacances i desconnectar aquests deu dies, volem compartir amb tots vosaltres el projecte art\u00edstic que l&#8217;alumnat de 2n d&#8217;ESO ha dut a terme en els darrers mesos. Aquest trimestre, hem posat en valor el patrimoni cultural d&#8217;Occident, tot fent un fris&hellip;  <a href=\"https:\/\/agora.xtec.cat\/ies-viladecavalls\/general\/projecte-artistic-a-2n-deso\/\" title=\"Read Projecte art\u00edstic a 2n d&#8217;ESO\">Llegeix m\u00e9s\u00bb<\/a><\/p>\n","protected":false},"author":3,"featured_media":11221,"comment_status":"closed","ping_status":"closed","sticky":false,"template":"","format":"standard","meta":{"_bbp_topic_count":0,"_bbp_reply_count":0,"_bbp_total_topic_count":0,"_bbp_total_reply_count":0,"_bbp_voice_count":0,"_bbp_anonymous_reply_count":0,"_bbp_topic_count_hidden":0,"_bbp_reply_count_hidden":0,"_bbp_forum_subforum_count":0,"footnotes":""},"categories":[1,29],"tags":[],"class_list":["post-11215","post","type-post","status-publish","format-standard","has-post-thumbnail","hentry","category-general","category-portada"],"post_mailing_queue_ids":[],"_links":{"self":[{"href":"https:\/\/agora.xtec.cat\/ies-viladecavalls\/wp-json\/wp\/v2\/posts\/11215","targetHints":{"allow":["GET"]}}],"collection":[{"href":"https:\/\/agora.xtec.cat\/ies-viladecavalls\/wp-json\/wp\/v2\/posts"}],"about":[{"href":"https:\/\/agora.xtec.cat\/ies-viladecavalls\/wp-json\/wp\/v2\/types\/post"}],"author":[{"embeddable":true,"href":"https:\/\/agora.xtec.cat\/ies-viladecavalls\/wp-json\/wp\/v2\/users\/3"}],"replies":[{"embeddable":true,"href":"https:\/\/agora.xtec.cat\/ies-viladecavalls\/wp-json\/wp\/v2\/comments?post=11215"}],"version-history":[{"count":3,"href":"https:\/\/agora.xtec.cat\/ies-viladecavalls\/wp-json\/wp\/v2\/posts\/11215\/revisions"}],"predecessor-version":[{"id":11239,"href":"https:\/\/agora.xtec.cat\/ies-viladecavalls\/wp-json\/wp\/v2\/posts\/11215\/revisions\/11239"}],"wp:featuredmedia":[{"embeddable":true,"href":"https:\/\/agora.xtec.cat\/ies-viladecavalls\/wp-json\/wp\/v2\/media\/11221"}],"wp:attachment":[{"href":"https:\/\/agora.xtec.cat\/ies-viladecavalls\/wp-json\/wp\/v2\/media?parent=11215"}],"wp:term":[{"taxonomy":"category","embeddable":true,"href":"https:\/\/agora.xtec.cat\/ies-viladecavalls\/wp-json\/wp\/v2\/categories?post=11215"},{"taxonomy":"post_tag","embeddable":true,"href":"https:\/\/agora.xtec.cat\/ies-viladecavalls\/wp-json\/wp\/v2\/tags?post=11215"}],"curies":[{"name":"wp","href":"https:\/\/api.w.org\/{rel}","templated":true}]}}