{"id":11210,"date":"2024-03-20T18:08:48","date_gmt":"2024-03-20T17:08:48","guid":{"rendered":"https:\/\/agora.xtec.cat\/ies-viladecavalls\/?p=11210"},"modified":"2024-04-22T10:31:48","modified_gmt":"2024-04-22T08:31:48","slug":"del-labrerint-als-somnis","status":"publish","type":"post","link":"https:\/\/agora.xtec.cat\/ies-viladecavalls\/general\/del-labrerint-als-somnis\/","title":{"rendered":"Del Laberint als Somnis"},"content":{"rendered":"<p>Des d&#8217;aquest curs, l&#8217;Institut de Viladecavalls participa en el projecte de dos anys <b><i>Del <\/i><\/b><b><i>laberint<\/i><\/b> <b><i>als<\/i><\/b> <b><i>Somnis, <\/i><\/b>una nova aposta que reafirma la voluntat del Liceu per arribar al p\u00fablic adolescent i jove a trav\u00e9s de propostes art\u00edstiques i educatives que els resultin atractives i transformadores. En el primer any, cada centre desenvolupa un projecte de creaci\u00f3 art\u00edstica i compta amb l&#8217;acompanyament d&#8217;un artista col\u00b7laborador el qual ha estat l&#8217;Albert Gonz\u00e1lez. L&#8217;obra <strong>&#8220;Hey Boy, Hey Girl&#8221;<\/strong>, a c\u00e0rrec de l&#8217;alumnat del 2n de batxillerat esc\u00e8nic i la participaci\u00f3 d&#8217;alumnat de l&#8217;optativa de teatre de 4t d&#8217;ESO, es representar\u00e0 el dijous 21 de mar\u00e7 al Teatre Principal de Terrassa.<\/p>\n<p><img loading=\"lazy\" decoding=\"async\" class=\"alignleft size-large wp-image-11213\" src=\"https:\/\/agora.xtec.cat\/ies-viladecavalls\/wp-content\/uploads\/usu1438\/2024\/03\/Dijous-21-de-marc-1024x1024.jpg\" alt=\"\" width=\"1024\" height=\"1024\" srcset=\"https:\/\/agora.xtec.cat\/ies-viladecavalls\/wp-content\/uploads\/usu1438\/2024\/03\/Dijous-21-de-marc-1024x1024.jpg 1024w, https:\/\/agora.xtec.cat\/ies-viladecavalls\/wp-content\/uploads\/usu1438\/2024\/03\/Dijous-21-de-marc-300x300.jpg 300w, https:\/\/agora.xtec.cat\/ies-viladecavalls\/wp-content\/uploads\/usu1438\/2024\/03\/Dijous-21-de-marc-150x150.jpg 150w, https:\/\/agora.xtec.cat\/ies-viladecavalls\/wp-content\/uploads\/usu1438\/2024\/03\/Dijous-21-de-marc-768x768.jpg 768w, https:\/\/agora.xtec.cat\/ies-viladecavalls\/wp-content\/uploads\/usu1438\/2024\/03\/Dijous-21-de-marc.jpg 1080w\" sizes=\"auto, (max-width: 1024px) 100vw, 1024px\" \/><\/p>\n<p>&nbsp;<\/p>\n<p>&nbsp;<\/p>\n","protected":false},"excerpt":{"rendered":"<p>Des d&#8217;aquest curs, l&#8217;Institut de Viladecavalls participa en el projecte de dos anys Del laberint als Somnis, una nova aposta que reafirma la voluntat del Liceu per arribar al p\u00fablic adolescent i jove a trav\u00e9s de propostes art\u00edstiques i educatives que els resultin atractives i&hellip;  <a href=\"https:\/\/agora.xtec.cat\/ies-viladecavalls\/general\/del-labrerint-als-somnis\/\" title=\"Read Del Laberint als Somnis\">Llegeix m\u00e9s\u00bb<\/a><\/p>\n","protected":false},"author":3,"featured_media":0,"comment_status":"closed","ping_status":"closed","sticky":false,"template":"","format":"standard","meta":{"_bbp_topic_count":0,"_bbp_reply_count":0,"_bbp_total_topic_count":0,"_bbp_total_reply_count":0,"_bbp_voice_count":0,"_bbp_anonymous_reply_count":0,"_bbp_topic_count_hidden":0,"_bbp_reply_count_hidden":0,"_bbp_forum_subforum_count":0,"footnotes":""},"categories":[31,8,3,1,29],"tags":[],"class_list":["post-11210","post","type-post","status-publish","format-standard","hentry","category-ampa","category-batxillerat","category-eso","category-general","category-portada"],"post_mailing_queue_ids":[],"_links":{"self":[{"href":"https:\/\/agora.xtec.cat\/ies-viladecavalls\/wp-json\/wp\/v2\/posts\/11210","targetHints":{"allow":["GET"]}}],"collection":[{"href":"https:\/\/agora.xtec.cat\/ies-viladecavalls\/wp-json\/wp\/v2\/posts"}],"about":[{"href":"https:\/\/agora.xtec.cat\/ies-viladecavalls\/wp-json\/wp\/v2\/types\/post"}],"author":[{"embeddable":true,"href":"https:\/\/agora.xtec.cat\/ies-viladecavalls\/wp-json\/wp\/v2\/users\/3"}],"replies":[{"embeddable":true,"href":"https:\/\/agora.xtec.cat\/ies-viladecavalls\/wp-json\/wp\/v2\/comments?post=11210"}],"version-history":[{"count":3,"href":"https:\/\/agora.xtec.cat\/ies-viladecavalls\/wp-json\/wp\/v2\/posts\/11210\/revisions"}],"predecessor-version":[{"id":11242,"href":"https:\/\/agora.xtec.cat\/ies-viladecavalls\/wp-json\/wp\/v2\/posts\/11210\/revisions\/11242"}],"wp:attachment":[{"href":"https:\/\/agora.xtec.cat\/ies-viladecavalls\/wp-json\/wp\/v2\/media?parent=11210"}],"wp:term":[{"taxonomy":"category","embeddable":true,"href":"https:\/\/agora.xtec.cat\/ies-viladecavalls\/wp-json\/wp\/v2\/categories?post=11210"},{"taxonomy":"post_tag","embeddable":true,"href":"https:\/\/agora.xtec.cat\/ies-viladecavalls\/wp-json\/wp\/v2\/tags?post=11210"}],"curies":[{"name":"wp","href":"https:\/\/api.w.org\/{rel}","templated":true}]}}