{"id":11089,"date":"2023-06-15T13:29:28","date_gmt":"2023-06-15T11:29:28","guid":{"rendered":"https:\/\/agora.xtec.cat\/ies-viladecavalls\/?p=11089"},"modified":"2023-06-26T11:59:58","modified_gmt":"2023-06-26T09:59:58","slug":"rent-al-teatre-principal","status":"publish","type":"post","link":"https:\/\/agora.xtec.cat\/ies-viladecavalls\/general\/rent-al-teatre-principal\/","title":{"rendered":"&#8220;RENT&#8221; al Teatre Principal"},"content":{"rendered":"<p><img loading=\"lazy\" decoding=\"async\" class=\"alignleft wp-image-11090\" src=\"https:\/\/agora.xtec.cat\/ies-viladecavalls\/wp-content\/uploads\/usu1438\/2023\/06\/cartell-RENT-2023-781x1024.jpg\" alt=\"\" width=\"382\" height=\"501\" srcset=\"https:\/\/agora.xtec.cat\/ies-viladecavalls\/wp-content\/uploads\/usu1438\/2023\/06\/cartell-RENT-2023-781x1024.jpg 781w, https:\/\/agora.xtec.cat\/ies-viladecavalls\/wp-content\/uploads\/usu1438\/2023\/06\/cartell-RENT-2023-229x300.jpg 229w, https:\/\/agora.xtec.cat\/ies-viladecavalls\/wp-content\/uploads\/usu1438\/2023\/06\/cartell-RENT-2023-768x1006.jpg 768w, https:\/\/agora.xtec.cat\/ies-viladecavalls\/wp-content\/uploads\/usu1438\/2023\/06\/cartell-RENT-2023-1172x1536.jpg 1172w, https:\/\/agora.xtec.cat\/ies-viladecavalls\/wp-content\/uploads\/usu1438\/2023\/06\/cartell-RENT-2023.jpg 1221w\" sizes=\"auto, (max-width: 382px) 100vw, 382px\" \/><\/p>\n<p>Us convidem al musical RENT de Jonathan Larson, interpretat pels alumnes de 1r de batxillerat d&#8217;arts esc\u00e8niques del nostre institut. La representaci\u00f3 es far\u00e0 el dimarts 20 de juny a les 21 hores al Teatre Principal de Terrassa.<\/p>\n<p><strong>Rent<\/strong> \u00e9s un clam a la llibertat i a la superaci\u00f3 personal. Narra la hist\u00f2ria d\u2019una generaci\u00f3 de bohemis de l&#8217;East Village de Nova York que lluiten per aconseguir l\u2019acceptaci\u00f3 social mitjan\u00e7ant el seu art. Joves que compten la seva vida en cicles d\u2019amor, que han de plantar cara a la societat superant obstacles com pagar el lloguer i que reaccionen a la proximitat de la mort celebrant la vida i l\u2019amor.<\/p>\n<p>L&#8217;entrada \u00e9s gratu\u00efta per\u00f2 cal reservar-la pr\u00e8viament <a href=\"https:\/\/docs.google.com\/forms\/d\/e\/1FAIpQLSdhzf_i2sK6r9pR9pZMQntBkxSMHIvYi47DrbOi5815or-uJg\/viewform\">en aquest formulari<\/a>.<\/p>\n<p>&nbsp;<\/p>\n","protected":false},"excerpt":{"rendered":"<p>Us convidem al musical RENT de Jonathan Larson, interpretat pels alumnes de 1r de batxillerat d&#8217;arts esc\u00e8niques del nostre institut. La representaci\u00f3 es far\u00e0 el dimarts 20 de juny a les 21 hores al Teatre Principal de Terrassa.<br \/>\nRent \u00e9s un clam a la llibertat i&hellip;  <a href=\"https:\/\/agora.xtec.cat\/ies-viladecavalls\/general\/rent-al-teatre-principal\/\" title=\"Read &#8220;RENT&#8221; al Teatre Principal\">Llegeix m\u00e9s\u00bb<\/a><\/p>\n","protected":false},"author":1,"featured_media":11090,"comment_status":"closed","ping_status":"closed","sticky":false,"template":"","format":"standard","meta":{"_bbp_topic_count":0,"_bbp_reply_count":0,"_bbp_total_topic_count":0,"_bbp_total_reply_count":0,"_bbp_voice_count":0,"_bbp_anonymous_reply_count":0,"_bbp_topic_count_hidden":0,"_bbp_reply_count_hidden":0,"_bbp_forum_subforum_count":0,"footnotes":""},"categories":[31,8,1,29],"tags":[],"class_list":["post-11089","post","type-post","status-publish","format-standard","has-post-thumbnail","hentry","category-ampa","category-batxillerat","category-general","category-portada"],"post_mailing_queue_ids":[],"_links":{"self":[{"href":"https:\/\/agora.xtec.cat\/ies-viladecavalls\/wp-json\/wp\/v2\/posts\/11089","targetHints":{"allow":["GET"]}}],"collection":[{"href":"https:\/\/agora.xtec.cat\/ies-viladecavalls\/wp-json\/wp\/v2\/posts"}],"about":[{"href":"https:\/\/agora.xtec.cat\/ies-viladecavalls\/wp-json\/wp\/v2\/types\/post"}],"author":[{"embeddable":true,"href":"https:\/\/agora.xtec.cat\/ies-viladecavalls\/wp-json\/wp\/v2\/users\/1"}],"replies":[{"embeddable":true,"href":"https:\/\/agora.xtec.cat\/ies-viladecavalls\/wp-json\/wp\/v2\/comments?post=11089"}],"version-history":[{"count":3,"href":"https:\/\/agora.xtec.cat\/ies-viladecavalls\/wp-json\/wp\/v2\/posts\/11089\/revisions"}],"predecessor-version":[{"id":11100,"href":"https:\/\/agora.xtec.cat\/ies-viladecavalls\/wp-json\/wp\/v2\/posts\/11089\/revisions\/11100"}],"wp:featuredmedia":[{"embeddable":true,"href":"https:\/\/agora.xtec.cat\/ies-viladecavalls\/wp-json\/wp\/v2\/media\/11090"}],"wp:attachment":[{"href":"https:\/\/agora.xtec.cat\/ies-viladecavalls\/wp-json\/wp\/v2\/media?parent=11089"}],"wp:term":[{"taxonomy":"category","embeddable":true,"href":"https:\/\/agora.xtec.cat\/ies-viladecavalls\/wp-json\/wp\/v2\/categories?post=11089"},{"taxonomy":"post_tag","embeddable":true,"href":"https:\/\/agora.xtec.cat\/ies-viladecavalls\/wp-json\/wp\/v2\/tags?post=11089"}],"curies":[{"name":"wp","href":"https:\/\/api.w.org\/{rel}","templated":true}]}}