{"id":11044,"date":"2023-03-10T08:17:37","date_gmt":"2023-03-10T07:17:37","guid":{"rendered":"https:\/\/agora.xtec.cat\/ies-viladecavalls\/?p=11044"},"modified":"2023-03-10T08:17:37","modified_gmt":"2023-03-10T07:17:37","slug":"activitats-8m-2023","status":"publish","type":"post","link":"https:\/\/agora.xtec.cat\/ies-viladecavalls\/portada\/activitats-8m-2023\/","title":{"rendered":"Activitats 8M 2023"},"content":{"rendered":"<p>Ahir va ser 8M i vam acabar el muntatge de l\u2019activitat que hem estat treballant durant dues setmanes a les tutories.<\/p>\n<p>Aquest any vam fer de reporteres i reporters \ud83d\udcddper visibilitzar testimonis an\u00f2nims de viol\u00e8ncies masclistes vers les dones, que despr\u00e9s vam distribuir per categories segons els tipus de viol\u00e8ncia. Una activitat que ens ha donat un espai per al debat i la reflexi\u00f3, i l\u2019an\u00e0lisi de les dades extretes per tot l\u2019alumnat del centre, amb l\u2019objectiu de ser conscients de les viol\u00e8ncies que tenim al nostre voltant per poder combatre-les i aconseguir una societat m\u00e9s igualit\u00e0ria. \ud83d\udca1\ud83d\udcaa\ud83c\udffd<\/p>\n<p>A m\u00e9s a m\u00e9s, des de la mat\u00e8ria de Visual i Pl\u00e0stica, l\u2019alumnat de 2n i 4t d\u2019ESO tamb\u00e9 va fer reinterpretacions d\u2019obres de dones artistes.\ud83d\udc69\ud83c\udffb\u200d\ud83c\udfa8\ud83c\udfa8<\/p>\n<p>Gr\u00e0cies a tot l\u2019alumnat i professorat \ud83d\udc9c<\/p>\n<p><a href=\"https:\/\/www.instagram.com\/p\/Cpk2HIpr8o_\/?igshid=YmMyMTA2M2Y%3D\"><img loading=\"lazy\" decoding=\"async\" class=\"aligncenter size-full wp-image-11046\" src=\"https:\/\/agora.xtec.cat\/ies-viladecavalls\/wp-content\/uploads\/usu1438\/2023\/03\/8M2023.jpg\" alt=\"\" width=\"626\" height=\"490\" srcset=\"https:\/\/agora.xtec.cat\/ies-viladecavalls\/wp-content\/uploads\/usu1438\/2023\/03\/8M2023.jpg 626w, https:\/\/agora.xtec.cat\/ies-viladecavalls\/wp-content\/uploads\/usu1438\/2023\/03\/8M2023-300x235.jpg 300w\" sizes=\"auto, (max-width: 626px) 100vw, 626px\" \/><\/a><\/p>\n","protected":false},"excerpt":{"rendered":"<p>Ahir va ser 8M i vam acabar el muntatge de l\u2019activitat que hem estat treballant durant dues setmanes a les tutories.<br \/>\nAquest any vam fer de reporteres i reporters \ud83d\udcddper visibilitzar testimonis an\u00f2nims de viol\u00e8ncies masclistes vers les dones, que despr\u00e9s vam distribuir per categories segons&hellip;  <a href=\"https:\/\/agora.xtec.cat\/ies-viladecavalls\/portada\/activitats-8m-2023\/\" title=\"Read Activitats 8M 2023\">Llegeix m\u00e9s\u00bb<\/a><\/p>\n","protected":false},"author":1,"featured_media":11046,"comment_status":"closed","ping_status":"closed","sticky":false,"template":"","format":"standard","meta":{"_bbp_topic_count":0,"_bbp_reply_count":0,"_bbp_total_topic_count":0,"_bbp_total_reply_count":0,"_bbp_voice_count":0,"_bbp_anonymous_reply_count":0,"_bbp_topic_count_hidden":0,"_bbp_reply_count_hidden":0,"_bbp_forum_subforum_count":0,"footnotes":""},"categories":[29],"tags":[],"class_list":["post-11044","post","type-post","status-publish","format-standard","has-post-thumbnail","hentry","category-portada"],"post_mailing_queue_ids":[],"_links":{"self":[{"href":"https:\/\/agora.xtec.cat\/ies-viladecavalls\/wp-json\/wp\/v2\/posts\/11044","targetHints":{"allow":["GET"]}}],"collection":[{"href":"https:\/\/agora.xtec.cat\/ies-viladecavalls\/wp-json\/wp\/v2\/posts"}],"about":[{"href":"https:\/\/agora.xtec.cat\/ies-viladecavalls\/wp-json\/wp\/v2\/types\/post"}],"author":[{"embeddable":true,"href":"https:\/\/agora.xtec.cat\/ies-viladecavalls\/wp-json\/wp\/v2\/users\/1"}],"replies":[{"embeddable":true,"href":"https:\/\/agora.xtec.cat\/ies-viladecavalls\/wp-json\/wp\/v2\/comments?post=11044"}],"version-history":[{"count":1,"href":"https:\/\/agora.xtec.cat\/ies-viladecavalls\/wp-json\/wp\/v2\/posts\/11044\/revisions"}],"predecessor-version":[{"id":11047,"href":"https:\/\/agora.xtec.cat\/ies-viladecavalls\/wp-json\/wp\/v2\/posts\/11044\/revisions\/11047"}],"wp:featuredmedia":[{"embeddable":true,"href":"https:\/\/agora.xtec.cat\/ies-viladecavalls\/wp-json\/wp\/v2\/media\/11046"}],"wp:attachment":[{"href":"https:\/\/agora.xtec.cat\/ies-viladecavalls\/wp-json\/wp\/v2\/media?parent=11044"}],"wp:term":[{"taxonomy":"category","embeddable":true,"href":"https:\/\/agora.xtec.cat\/ies-viladecavalls\/wp-json\/wp\/v2\/categories?post=11044"},{"taxonomy":"post_tag","embeddable":true,"href":"https:\/\/agora.xtec.cat\/ies-viladecavalls\/wp-json\/wp\/v2\/tags?post=11044"}],"curies":[{"name":"wp","href":"https:\/\/api.w.org\/{rel}","templated":true}]}}