{"id":10984,"date":"2023-01-31T19:09:45","date_gmt":"2023-01-31T18:09:45","guid":{"rendered":"https:\/\/agora.xtec.cat\/ies-viladecavalls\/?p=10984"},"modified":"2023-01-31T19:09:45","modified_gmt":"2023-01-31T18:09:45","slug":"per-una-conduccio-segura","status":"publish","type":"post","link":"https:\/\/agora.xtec.cat\/ies-viladecavalls\/general\/per-una-conduccio-segura\/","title":{"rendered":"PER UNA CONDUCCI\u00d3 SEGURA"},"content":{"rendered":"<p>Ahir, dilluns 30 de gener, l\u2019alumnat de 4t d\u2019ESO del grup cient\u00edfic, va fer un taller al CosmoCaixa per investigar diferents aspectes de la seguretat vial.<\/p>\n<p>Va haver-hi dues parts diferenciades: la f\u00edsica i la qu\u00edmica. En ambdues es promovia l\u2019aprenentatge en grup aplicant el m\u00e8tode cient\u00edfic: detectaven un problema, formulaven hip\u00f2tesis, realitzaven experiments en els quals controlaven unes variables, obtenien uns resultats en forma de gr\u00e0fics, i extreien unes conclusions a partir de la seva interpretaci\u00f3.<\/p>\n<p>En la primera part del taller analitzaren els factors que influeixen en la frenada d\u2019un vehicle construint explicacions cient\u00edfiques relacionades amb els tipus de moviment, la dist\u00e0ncia, la velocitat, l\u2019acceleraci\u00f3 i les forces.<\/p>\n<p>En la segona part dugueren a terme una reacci\u00f3 qu\u00edmica que simulava l\u2019inflament de l\u2019airbag, gr\u00e0cies a l\u2019expansi\u00f3 d\u2019un gas. A fi d\u2019explicar aquest proc\u00e9s, tractaren conceptes com els reactius, els productes, la pressi\u00f3 i la velocitat de reacci\u00f3.<\/p>\n<p><iframe loading=\"lazy\" src=\"https:\/\/drive.google.com\/file\/d\/1HUAlfF6uooPzaFkT0w1YAqKiCQlUT1YZ\/preview\" width=\"640\" height=\"480\"><\/iframe><\/p>\n","protected":false},"excerpt":{"rendered":"<p>Ahir, dilluns 30 de gener, l\u2019alumnat de 4t d\u2019ESO del grup cient\u00edfic, va fer un taller al CosmoCaixa per investigar diferents aspectes de la seguretat vial.<br \/>\nVa haver-hi dues parts diferenciades: la f\u00edsica i la qu\u00edmica. En ambdues es promovia l\u2019aprenentatge en grup aplicant el m\u00e8tode&hellip;  <a href=\"https:\/\/agora.xtec.cat\/ies-viladecavalls\/general\/per-una-conduccio-segura\/\" title=\"Read PER UNA CONDUCCI\u00d3 SEGURA\">Llegeix m\u00e9s\u00bb<\/a><\/p>\n","protected":false},"author":3,"featured_media":0,"comment_status":"closed","ping_status":"closed","sticky":false,"template":"","format":"standard","meta":{"_bbp_topic_count":0,"_bbp_reply_count":0,"_bbp_total_topic_count":0,"_bbp_total_reply_count":0,"_bbp_voice_count":0,"_bbp_anonymous_reply_count":0,"_bbp_topic_count_hidden":0,"_bbp_reply_count_hidden":0,"_bbp_forum_subforum_count":0,"footnotes":""},"categories":[3,1,29],"tags":[],"class_list":["post-10984","post","type-post","status-publish","format-standard","hentry","category-eso","category-general","category-portada"],"post_mailing_queue_ids":[],"_links":{"self":[{"href":"https:\/\/agora.xtec.cat\/ies-viladecavalls\/wp-json\/wp\/v2\/posts\/10984","targetHints":{"allow":["GET"]}}],"collection":[{"href":"https:\/\/agora.xtec.cat\/ies-viladecavalls\/wp-json\/wp\/v2\/posts"}],"about":[{"href":"https:\/\/agora.xtec.cat\/ies-viladecavalls\/wp-json\/wp\/v2\/types\/post"}],"author":[{"embeddable":true,"href":"https:\/\/agora.xtec.cat\/ies-viladecavalls\/wp-json\/wp\/v2\/users\/3"}],"replies":[{"embeddable":true,"href":"https:\/\/agora.xtec.cat\/ies-viladecavalls\/wp-json\/wp\/v2\/comments?post=10984"}],"version-history":[{"count":2,"href":"https:\/\/agora.xtec.cat\/ies-viladecavalls\/wp-json\/wp\/v2\/posts\/10984\/revisions"}],"predecessor-version":[{"id":10986,"href":"https:\/\/agora.xtec.cat\/ies-viladecavalls\/wp-json\/wp\/v2\/posts\/10984\/revisions\/10986"}],"wp:attachment":[{"href":"https:\/\/agora.xtec.cat\/ies-viladecavalls\/wp-json\/wp\/v2\/media?parent=10984"}],"wp:term":[{"taxonomy":"category","embeddable":true,"href":"https:\/\/agora.xtec.cat\/ies-viladecavalls\/wp-json\/wp\/v2\/categories?post=10984"},{"taxonomy":"post_tag","embeddable":true,"href":"https:\/\/agora.xtec.cat\/ies-viladecavalls\/wp-json\/wp\/v2\/tags?post=10984"}],"curies":[{"name":"wp","href":"https:\/\/api.w.org\/{rel}","templated":true}]}}