{"id":10963,"date":"2023-01-13T11:07:05","date_gmt":"2023-01-13T10:07:05","guid":{"rendered":"https:\/\/agora.xtec.cat\/ies-viladecavalls\/?p=10963"},"modified":"2023-02-07T09:15:24","modified_gmt":"2023-02-07T08:15:24","slug":"practiques-estiu-22-estada-a-lempresa","status":"publish","type":"post","link":"https:\/\/agora.xtec.cat\/ies-viladecavalls\/batxillerat\/practiques-estiu-22-estada-a-lempresa\/","title":{"rendered":"PR\u00c0CTIQUES ESTIU 22&#8242; ESTADA A L&#8217;EMPRESA"},"content":{"rendered":"<p>Gr\u00e0cies a la col.laboraci\u00f3 de les empreses participants, els alumnes d&#8217; aquest programa van poder dur a terme les seves pr\u00e0ctiques. Un any m\u00e9s, us oferim una mostra i animem a la propera generaci\u00f3 de batxillerat a participar\u00a0 \u00a0en el programa d&#8217;estada a l&#8217;empresa el proper estiu 2023!<\/p>\n<p><iframe loading=\"lazy\" src=\"https:\/\/drive.google.com\/file\/d\/1aWIR4WuxqYwWe6bKkIEkygIpBRer2XD9\/preview\" width=\"320\" height=\"240\"><\/iframe><\/p>\n","protected":false},"excerpt":{"rendered":"<p>Gr\u00e0cies a la col.laboraci\u00f3 de les empreses participants, els alumnes d&#8217; aquest programa van poder dur a terme les seves pr\u00e0ctiques. Un any m\u00e9s, us oferim una mostra i animem a la propera generaci\u00f3 de batxillerat a participar\u00a0 \u00a0en el programa d&#8217;estada a l&#8217;empresa el&hellip;  <a href=\"https:\/\/agora.xtec.cat\/ies-viladecavalls\/batxillerat\/practiques-estiu-22-estada-a-lempresa\/\" title=\"Read PR\u00c0CTIQUES ESTIU 22&#8242; ESTADA A L&#8217;EMPRESA\">Llegeix m\u00e9s\u00bb<\/a><\/p>\n","protected":false},"author":1,"featured_media":0,"comment_status":"closed","ping_status":"closed","sticky":false,"template":"","format":"standard","meta":{"_bbp_topic_count":0,"_bbp_reply_count":0,"_bbp_total_topic_count":0,"_bbp_total_reply_count":0,"_bbp_voice_count":0,"_bbp_anonymous_reply_count":0,"_bbp_topic_count_hidden":0,"_bbp_reply_count_hidden":0,"_bbp_forum_subforum_count":0,"footnotes":""},"categories":[8,29],"tags":[],"class_list":["post-10963","post","type-post","status-publish","format-standard","hentry","category-batxillerat","category-portada"],"post_mailing_queue_ids":[],"_links":{"self":[{"href":"https:\/\/agora.xtec.cat\/ies-viladecavalls\/wp-json\/wp\/v2\/posts\/10963","targetHints":{"allow":["GET"]}}],"collection":[{"href":"https:\/\/agora.xtec.cat\/ies-viladecavalls\/wp-json\/wp\/v2\/posts"}],"about":[{"href":"https:\/\/agora.xtec.cat\/ies-viladecavalls\/wp-json\/wp\/v2\/types\/post"}],"author":[{"embeddable":true,"href":"https:\/\/agora.xtec.cat\/ies-viladecavalls\/wp-json\/wp\/v2\/users\/1"}],"replies":[{"embeddable":true,"href":"https:\/\/agora.xtec.cat\/ies-viladecavalls\/wp-json\/wp\/v2\/comments?post=10963"}],"version-history":[{"count":2,"href":"https:\/\/agora.xtec.cat\/ies-viladecavalls\/wp-json\/wp\/v2\/posts\/10963\/revisions"}],"predecessor-version":[{"id":10965,"href":"https:\/\/agora.xtec.cat\/ies-viladecavalls\/wp-json\/wp\/v2\/posts\/10963\/revisions\/10965"}],"wp:attachment":[{"href":"https:\/\/agora.xtec.cat\/ies-viladecavalls\/wp-json\/wp\/v2\/media?parent=10963"}],"wp:term":[{"taxonomy":"category","embeddable":true,"href":"https:\/\/agora.xtec.cat\/ies-viladecavalls\/wp-json\/wp\/v2\/categories?post=10963"},{"taxonomy":"post_tag","embeddable":true,"href":"https:\/\/agora.xtec.cat\/ies-viladecavalls\/wp-json\/wp\/v2\/tags?post=10963"}],"curies":[{"name":"wp","href":"https:\/\/api.w.org\/{rel}","templated":true}]}}