{"id":10931,"date":"2022-10-25T18:03:04","date_gmt":"2022-10-25T16:03:04","guid":{"rendered":"https:\/\/agora.xtec.cat\/ies-viladecavalls\/?p=10931"},"modified":"2022-10-25T18:03:04","modified_gmt":"2022-10-25T16:03:04","slug":"apren-a-presentar-les-teves-idees","status":"publish","type":"post","link":"https:\/\/agora.xtec.cat\/ies-viladecavalls\/general\/apren-a-presentar-les-teves-idees\/","title":{"rendered":"Apr\u00e8n a presentar les teves idees"},"content":{"rendered":"<p class=\"p1\">Alguna vegada us heu preguntat per qu\u00e8 s\u00f3n tan interessants algunes xerrades? <span class=\"s1\">Qu\u00e8 son les TED TALKS i per qu\u00e8 triomfen? <\/span>A segon de batxillerat hem fet un taller molt inspirador basat en els elements que tenen en com\u00fa totes les TED talks. Ens ser\u00e0 molt \u00fatil per preparar les presentacions del nostres treballs de recerca.<\/p>\n<p class=\"p1\">Moltes gr\u00e0cies<span class=\"Apple-converted-space\"> a l&#8217;Andreu Linares i a tot l&#8217;alumnat que hi ha participat.<\/span><\/p>\n\n\t\t<style type=\"text\/css\">\n\t\t\t#gallery-1 {\n\t\t\t\tmargin: auto;\n\t\t\t}\n\t\t\t#gallery-1 .gallery-item {\n\t\t\t\tfloat: left;\n\t\t\t\tmargin-top: 10px;\n\t\t\t\ttext-align: center;\n\t\t\t\twidth: 100%;\n\t\t\t}\n\t\t\t#gallery-1 img {\n\t\t\t\tborder: 2px solid #cfcfcf;\n\t\t\t}\n\t\t\t#gallery-1 .gallery-caption {\n\t\t\t\tmargin-left: 0;\n\t\t\t}\n\t\t\t\/* see gallery_shortcode() in wp-includes\/media.php *\/\n\t\t<\/style>\n\t\t<div id='gallery-1' class='gallery galleryid-10931 gallery-columns-1 gallery-size-large'><dl class='gallery-item'>\n\t\t\t<dt class='gallery-icon portrait'>\n\t\t\t\t<img loading=\"lazy\" decoding=\"async\" width=\"768\" height=\"1024\" src=\"https:\/\/agora.xtec.cat\/ies-viladecavalls\/wp-content\/uploads\/usu1438\/2022\/10\/IMG-20221025-WA0019-768x1024.jpg\" class=\"attachment-large size-large\" alt=\"\" srcset=\"https:\/\/agora.xtec.cat\/ies-viladecavalls\/wp-content\/uploads\/usu1438\/2022\/10\/IMG-20221025-WA0019-768x1024.jpg 768w, https:\/\/agora.xtec.cat\/ies-viladecavalls\/wp-content\/uploads\/usu1438\/2022\/10\/IMG-20221025-WA0019-225x300.jpg 225w, https:\/\/agora.xtec.cat\/ies-viladecavalls\/wp-content\/uploads\/usu1438\/2022\/10\/IMG-20221025-WA0019-1152x1536.jpg 1152w, https:\/\/agora.xtec.cat\/ies-viladecavalls\/wp-content\/uploads\/usu1438\/2022\/10\/IMG-20221025-WA0019.jpg 1536w\" sizes=\"auto, (max-width: 768px) 100vw, 768px\" \/>\n\t\t\t<\/dt><\/dl><br style=\"clear: both\" \/>\n\t\t<\/div>\n\n","protected":false},"excerpt":{"rendered":"<p>Alguna vegada us heu preguntat per qu\u00e8 s\u00f3n tan interessants algunes xerrades? Qu\u00e8 son les TED TALKS i per qu\u00e8 triomfen? A segon de batxillerat hem fet un taller molt inspirador basat en els elements que tenen en com\u00fa totes les TED talks. Ens ser\u00e0&hellip;  <a href=\"https:\/\/agora.xtec.cat\/ies-viladecavalls\/general\/apren-a-presentar-les-teves-idees\/\" title=\"Read Apr\u00e8n a presentar les teves idees\">Llegeix m\u00e9s\u00bb<\/a><\/p>\n","protected":false},"author":3,"featured_media":0,"comment_status":"closed","ping_status":"closed","sticky":false,"template":"","format":"standard","meta":{"_bbp_topic_count":0,"_bbp_reply_count":0,"_bbp_total_topic_count":0,"_bbp_total_reply_count":0,"_bbp_voice_count":0,"_bbp_anonymous_reply_count":0,"_bbp_topic_count_hidden":0,"_bbp_reply_count_hidden":0,"_bbp_forum_subforum_count":0,"footnotes":""},"categories":[8,1,29],"tags":[],"class_list":["post-10931","post","type-post","status-publish","format-standard","hentry","category-batxillerat","category-general","category-portada"],"post_mailing_queue_ids":[],"_links":{"self":[{"href":"https:\/\/agora.xtec.cat\/ies-viladecavalls\/wp-json\/wp\/v2\/posts\/10931","targetHints":{"allow":["GET"]}}],"collection":[{"href":"https:\/\/agora.xtec.cat\/ies-viladecavalls\/wp-json\/wp\/v2\/posts"}],"about":[{"href":"https:\/\/agora.xtec.cat\/ies-viladecavalls\/wp-json\/wp\/v2\/types\/post"}],"author":[{"embeddable":true,"href":"https:\/\/agora.xtec.cat\/ies-viladecavalls\/wp-json\/wp\/v2\/users\/3"}],"replies":[{"embeddable":true,"href":"https:\/\/agora.xtec.cat\/ies-viladecavalls\/wp-json\/wp\/v2\/comments?post=10931"}],"version-history":[{"count":2,"href":"https:\/\/agora.xtec.cat\/ies-viladecavalls\/wp-json\/wp\/v2\/posts\/10931\/revisions"}],"predecessor-version":[{"id":10940,"href":"https:\/\/agora.xtec.cat\/ies-viladecavalls\/wp-json\/wp\/v2\/posts\/10931\/revisions\/10940"}],"wp:attachment":[{"href":"https:\/\/agora.xtec.cat\/ies-viladecavalls\/wp-json\/wp\/v2\/media?parent=10931"}],"wp:term":[{"taxonomy":"category","embeddable":true,"href":"https:\/\/agora.xtec.cat\/ies-viladecavalls\/wp-json\/wp\/v2\/categories?post=10931"},{"taxonomy":"post_tag","embeddable":true,"href":"https:\/\/agora.xtec.cat\/ies-viladecavalls\/wp-json\/wp\/v2\/tags?post=10931"}],"curies":[{"name":"wp","href":"https:\/\/api.w.org\/{rel}","templated":true}]}}