{"id":10632,"date":"2021-04-16T13:16:09","date_gmt":"2021-04-16T11:16:09","guid":{"rendered":"http:\/\/agora.xtec.cat\/ies-viladecavalls\/?p=10632"},"modified":"2021-04-17T00:03:57","modified_gmt":"2021-04-16T22:03:57","slug":"premis-joana-biarnes","status":"publish","type":"post","link":"https:\/\/agora.xtec.cat\/ies-viladecavalls\/general\/premis-joana-biarnes\/","title":{"rendered":"PREMIS JOANA BIARN\u00c9S"},"content":{"rendered":"<p>Volem felicitat a tot l&#8217;alumnat que va estar seleccionat com a finalistes dels Premis Joana Biarn\u00e9s que convoca el Centre de Recursos del Vall\u00e8s Occidental en col\u00b7laboraci\u00f3 amb l&#8217;Ajuntament de Terrassa i l&#8217;Ajuntament de Viladecavalls.<\/p>\n<p>En la cerim\u00f2nia de premis que s&#8217;ha realitzat avui, s&#8217;ha anunciat que l&#8217;Ona Bu\u00f1esch, el Mart\u00ed Serret i l&#8217;Arnau Sors, de 2n de batxillerat C, han guanyat el premi de la categoria de treballs amb tem\u00e0tica del social-human\u00edstic amb el seu treball <strong>&#8220;I els joves qu\u00e8?: El vot electoral als 16 anys.&#8221; <\/strong>Us convidem a veure un resum del contingut del seu treball.<\/p>\n<p>MOLTES FELICITATS!<\/p>\n<p><iframe loading=\"lazy\" src=\"https:\/\/drive.google.com\/file\/d\/1h8f9rlOGvr9bD5Tx-9CdeLbDOuw-G0Py\/preview\" width=\"300\" height=\"200\"><span data-mce-type=\"bookmark\" style=\"display: inline-block; width: 0px; overflow: hidden; line-height: 0;\" class=\"mce_SELRES_start\">\ufeff<\/span><\/iframe><\/p>\n","protected":false},"excerpt":{"rendered":"<p>Volem felicitat a tot l&#8217;alumnat que va estar seleccionat com a finalistes dels Premis Joana Biarn\u00e9s que convoca el Centre de Recursos del Vall\u00e8s Occidental en col\u00b7laboraci\u00f3 amb l&#8217;Ajuntament de Terrassa i l&#8217;Ajuntament de Viladecavalls.<br \/>\nEn la cerim\u00f2nia de premis que s&#8217;ha realitzat avui, s&#8217;ha anunciat&hellip;  <a href=\"https:\/\/agora.xtec.cat\/ies-viladecavalls\/general\/premis-joana-biarnes\/\" title=\"Read PREMIS JOANA BIARN\u00c9S\">Llegeix m\u00e9s\u00bb<\/a><\/p>\n","protected":false},"author":3,"featured_media":0,"comment_status":"closed","ping_status":"closed","sticky":false,"template":"","format":"standard","meta":{"_bbp_topic_count":0,"_bbp_reply_count":0,"_bbp_total_topic_count":0,"_bbp_total_reply_count":0,"_bbp_voice_count":0,"_bbp_anonymous_reply_count":0,"_bbp_topic_count_hidden":0,"_bbp_reply_count_hidden":0,"_bbp_forum_subforum_count":0,"footnotes":""},"categories":[8,1,29],"tags":[],"class_list":["post-10632","post","type-post","status-publish","format-standard","hentry","category-batxillerat","category-general","category-portada"],"post_mailing_queue_ids":[],"_links":{"self":[{"href":"https:\/\/agora.xtec.cat\/ies-viladecavalls\/wp-json\/wp\/v2\/posts\/10632","targetHints":{"allow":["GET"]}}],"collection":[{"href":"https:\/\/agora.xtec.cat\/ies-viladecavalls\/wp-json\/wp\/v2\/posts"}],"about":[{"href":"https:\/\/agora.xtec.cat\/ies-viladecavalls\/wp-json\/wp\/v2\/types\/post"}],"author":[{"embeddable":true,"href":"https:\/\/agora.xtec.cat\/ies-viladecavalls\/wp-json\/wp\/v2\/users\/3"}],"replies":[{"embeddable":true,"href":"https:\/\/agora.xtec.cat\/ies-viladecavalls\/wp-json\/wp\/v2\/comments?post=10632"}],"version-history":[{"count":3,"href":"https:\/\/agora.xtec.cat\/ies-viladecavalls\/wp-json\/wp\/v2\/posts\/10632\/revisions"}],"predecessor-version":[{"id":10642,"href":"https:\/\/agora.xtec.cat\/ies-viladecavalls\/wp-json\/wp\/v2\/posts\/10632\/revisions\/10642"}],"wp:attachment":[{"href":"https:\/\/agora.xtec.cat\/ies-viladecavalls\/wp-json\/wp\/v2\/media?parent=10632"}],"wp:term":[{"taxonomy":"category","embeddable":true,"href":"https:\/\/agora.xtec.cat\/ies-viladecavalls\/wp-json\/wp\/v2\/categories?post=10632"},{"taxonomy":"post_tag","embeddable":true,"href":"https:\/\/agora.xtec.cat\/ies-viladecavalls\/wp-json\/wp\/v2\/tags?post=10632"}],"curies":[{"name":"wp","href":"https:\/\/api.w.org\/{rel}","templated":true}]}}